{"id":4545,"date":"2022-07-14T12:11:58","date_gmt":"2022-07-14T10:11:58","guid":{"rendered":"https:\/\/jfb-stiftung.de\/st-paulus-stift-herxheim\/wir-haben-ueber-das-foto-auf-der-websiten-startseite-abgestimmt\/"},"modified":"2022-07-19T11:23:18","modified_gmt":"2022-07-19T09:23:18","slug":"abstimmung-ueber-foto-auf-der-startseite-der-website","status":"publish","type":"post","link":"https:\/\/jfb-stiftung.de\/st-paulus-stift-herxheim\/abstimmung-ueber-foto-auf-der-startseite-der-website\/","title":{"rendered":"Abstimmung \u00fcber Foto auf der Startseite der Website"},"content":{"rendered":"<p>Bewohner*innen und Mitarbeiter*innen durften, wenn sie Lust hatten, unter f\u00fcnf wunderbaren Fotos ihren Favoriten ausw\u00e4hlen und diesem eine Stimme geben. Das Foto mit den meisten Stimmen ist dann das neue Foto auf der Startseite des St. Paulus Stifts Herxheim. Die Lust war gro\u00df, denn insgesamt waren nach einer Woche bis zum heutigen Stichtag 302 Stimmzettel in der Wahlurne zu finden. M\u00f6glich gemacht hat diese Abstimmung \u00fcberhaupt erst der Umstand, dass uns Fotograf Helmut Dudenh\u00f6ffer erst k\u00fcrzlich ehrenamtlich wundersch\u00f6ne Fotos von unseren Bewohner*innen und Mitarbeiter*innen gemacht hat. Spannend und knapp war das Ergebnis, denn es gab ein Kopf-an-Kopf-Rennen zwischen zwei Fotos. Gewonnen mit einem Vorsprung von 10 Stimmen hat dann das Dreierbild von Lea, Jan und Julia. Herzlichen Dank an unsere drei tollen Models &#8211; ihr lebensfrohes und sympathisches Foto ist ab sofort das erste, was die Websitenbesucher*innen sehen, wenn sie den Onlineauftritt des St. Paulus Stifts besuchen wollen.<\/p>\n<div id=\"attachment_4529\" style=\"width: 407px\" class=\"wp-caption aligncenter\"><img fetchpriority=\"high\" decoding=\"async\" aria-describedby=\"caption-attachment-4529\" class=\"wp-image-4529\" src=\"https:\/\/jfb-stiftung.de\/st-paulus-stift-herxheim\/wp-content\/uploads\/sites\/3\/2022\/07\/Standbild-Lea-Jan-Julia-1000x667.jpg\" alt=\"\" width=\"397\" height=\"264\" srcset=\"https:\/\/jfb-stiftung.de\/st-paulus-stift-herxheim\/wp-content\/uploads\/sites\/3\/2022\/07\/Standbild-Lea-Jan-Julia-1000x667.jpg 1000w, https:\/\/jfb-stiftung.de\/st-paulus-stift-herxheim\/wp-content\/uploads\/sites\/3\/2022\/07\/Standbild-Lea-Jan-Julia-768x512.jpg 768w, https:\/\/jfb-stiftung.de\/st-paulus-stift-herxheim\/wp-content\/uploads\/sites\/3\/2022\/07\/Standbild-Lea-Jan-Julia.jpg 1500w\" sizes=\"(max-width: 397px) 100vw, 397px\" \/><p id=\"caption-attachment-4529\" class=\"wp-caption-text\">Die meisten Stimmen (101 Stimmen) hatte dieses Foto von Lea, Jan und Julia und ist k\u00fcnftig auf der Startseite des St. Paulus Stifts Herxheim zu finden.<\/p><\/div>\n<div id=\"attachment_4367\" style=\"width: 405px\" class=\"wp-caption aligncenter\"><img decoding=\"async\" aria-describedby=\"caption-attachment-4367\" class=\"wp-image-4367\" src=\"https:\/\/jfb-stiftung.de\/st-paulus-stift-herxheim\/wp-content\/uploads\/sites\/3\/2022\/06\/Standbild_Marcel-und-Silke-HX-1000x666.jpg\" alt=\"\" width=\"395\" height=\"263\" srcset=\"https:\/\/jfb-stiftung.de\/st-paulus-stift-herxheim\/wp-content\/uploads\/sites\/3\/2022\/06\/Standbild_Marcel-und-Silke-HX-1000x666.jpg 1000w, https:\/\/jfb-stiftung.de\/st-paulus-stift-herxheim\/wp-content\/uploads\/sites\/3\/2022\/06\/Standbild_Marcel-und-Silke-HX-768x512.jpg 768w, https:\/\/jfb-stiftung.de\/st-paulus-stift-herxheim\/wp-content\/uploads\/sites\/3\/2022\/06\/Standbild_Marcel-und-Silke-HX.jpg 1250w\" sizes=\"(max-width: 395px) 100vw, 395px\" \/><p id=\"caption-attachment-4367\" class=\"wp-caption-text\">Knapp dahinter das Foto von Mitarbeiterin Silke und Bewohner Marcel.<\/p><\/div>\n","protected":false},"excerpt":{"rendered":"<p>Bewohner*innen und Mitarbeiter*innen durften, wenn sie Lust hatten, unter f\u00fcnf wunderbaren Fotos ihren Favoriten ausw\u00e4hlen und diesem eine Stimme geben. Das Foto mit den meisten Stimmen ist dann das neue \u2026<\/p>\n","protected":false},"author":2,"featured_media":4526,"comment_status":"closed","ping_status":"closed","sticky":false,"template":"","format":"standard","meta":{"_acf_changed":false,"footnotes":""},"categories":[32],"tags":[],"class_list":["post-4545","post","type-post","status-publish","format-standard","has-post-thumbnail","hentry","category-st-paulus-stift-herxheim-news"],"acf":[],"publishpress_future_action":{"enabled":false,"date":"2026-05-04 07:14:04","action":"change-status","newStatus":"draft","terms":[],"taxonomy":"category","extraData":[]},"publishpress_future_workflow_manual_trigger":{"enabledWorkflows":[]},"_links":{"self":[{"href":"https:\/\/jfb-stiftung.de\/st-paulus-stift-herxheim\/wp-json\/wp\/v2\/posts\/4545","targetHints":{"allow":["GET"]}}],"collection":[{"href":"https:\/\/jfb-stiftung.de\/st-paulus-stift-herxheim\/wp-json\/wp\/v2\/posts"}],"about":[{"href":"https:\/\/jfb-stiftung.de\/st-paulus-stift-herxheim\/wp-json\/wp\/v2\/types\/post"}],"author":[{"embeddable":true,"href":"https:\/\/jfb-stiftung.de\/st-paulus-stift-herxheim\/wp-json\/wp\/v2\/users\/2"}],"replies":[{"embeddable":true,"href":"https:\/\/jfb-stiftung.de\/st-paulus-stift-herxheim\/wp-json\/wp\/v2\/comments?post=4545"}],"version-history":[{"count":0,"href":"https:\/\/jfb-stiftung.de\/st-paulus-stift-herxheim\/wp-json\/wp\/v2\/posts\/4545\/revisions"}],"wp:featuredmedia":[{"embeddable":true,"href":"https:\/\/jfb-stiftung.de\/st-paulus-stift-herxheim\/wp-json\/wp\/v2\/media\/4526"}],"wp:attachment":[{"href":"https:\/\/jfb-stiftung.de\/st-paulus-stift-herxheim\/wp-json\/wp\/v2\/media?parent=4545"}],"wp:term":[{"taxonomy":"category","embeddable":true,"href":"https:\/\/jfb-stiftung.de\/st-paulus-stift-herxheim\/wp-json\/wp\/v2\/categories?post=4545"},{"taxonomy":"post_tag","embeddable":true,"href":"https:\/\/jfb-stiftung.de\/st-paulus-stift-herxheim\/wp-json\/wp\/v2\/tags?post=4545"}],"curies":[{"name":"wp","href":"https:\/\/api.w.org\/{rel}","templated":true}]}}