{"id":4433,"date":"2022-07-11T09:59:23","date_gmt":"2022-07-11T07:59:23","guid":{"rendered":"https:\/\/jfb-stiftung.de\/st-paulus-stift-herxheim\/?p=4433"},"modified":"2022-07-12T11:38:09","modified_gmt":"2022-07-12T09:38:09","slug":"tierischer-spass-bei-der-ausbildungsmesse-in-woerth","status":"publish","type":"post","link":"https:\/\/jfb-stiftung.de\/st-paulus-stift-herxheim\/tierischer-spass-bei-der-ausbildungsmesse-in-woerth\/","title":{"rendered":"Tierischer Spa\u00df bei der Ausbildungsmesse in W\u00f6rth"},"content":{"rendered":"<p>Das Gedr\u00e4nge war gro\u00df an unserem Stand auf der Ausbildungsmesse der Carl-Benz-Gesamtschule in W\u00f6rth am Samstag, den 2.7.2022 und das lag nicht nur an unserem sympathischen Ausbildungsteam, sondern vor allem auch an Henry und Benito, zwei Therapiehunde, die mit auf die Messe durften. Neben Fragen zum Ausbildungsberuf zur\/zum Heilerziehungspfleger*in gab es dank der tierischen Begleiter nat\u00fcrlich auch zahlreiche Fragen zu den Aufgaben und Einsatzgebieten von Therapiehunden. Voller Engagement und Tatendrang gab Jan, der im Theresia Ohmer Haus lebt, mit seiner charmanten und gut gelaunten Art sein Bestes, zahlreiche Sch\u00fclerinnen und Sch\u00fcler an unserem Messestand zu locken. Er verteilte unsere Flyer und erkl\u00e4rte allen, wo unser Messestand zu finden war.\u00a0 Auch Daniel, der wie Jan im Theresia Ohmer Haus lebt,\u00a0 war mit dabei in W\u00f6rth. Der Klassensaal wurde wieder in ein cooles Bewohnerzimmer mit Switch, Sessel, Lavalampe und Co. verwandelt. Alle Fragen wurden von unserem Messeteam gerne beantwortet, darunter auch zum Beispiel Fragen zu einem Schnupperpraktikum in den Sommerferien, noch freien Ausbildungspl\u00e4tzen oder eines Vorpraktikums. Die gute Nachricht: Alles ist noch m\u00f6glich, auch Ausbildungspl\u00e4tze k\u00f6nnen noch angeboten werden. Bei Interesse einfach bei uns im St. Paulus Stift nachfragen, wir helfen gerne weiter. Am 17.9.2022 freuen wir uns wieder auf die n\u00e4chste Ausbildungsmesse \u201eTag der Berufe&#8220;, die in R\u00fclzheim stattfindet.<\/p>\n<p><img fetchpriority=\"high\" decoding=\"async\" class=\"alignnone wp-image-4435\" src=\"https:\/\/jfb-stiftung.de\/st-paulus-stift-herxheim\/wp-content\/uploads\/sites\/3\/2022\/07\/Besucher-Messe-Woerth-bearbeitet-1000x985.jpg\" alt=\"\" width=\"305\" height=\"300\">\u00a0 \u00a0 \u00a0 \u00a0 \u00a0<img decoding=\"async\" class=\"alignnone wp-image-4436\" src=\"https:\/\/jfb-stiftung.de\/st-paulus-stift-herxheim\/wp-content\/uploads\/sites\/3\/2022\/07\/Teamfoto-Woerth-Messe-schoen-1000x750.jpg\" alt=\"\" width=\"399\" height=\"299\"><\/p>\n","protected":false},"excerpt":{"rendered":"<p>Das Gedr\u00e4nge war gro\u00df an unserem Stand auf der Ausbildungsmesse der Carl-Benz-Gesamtschule in W\u00f6rth am Samstag, den 2.7.2022 und das lag nicht nur an unserem sympathischen Ausbildungsteam, sondern vor allem \u2026<\/p>\n","protected":false},"author":2,"featured_media":4437,"comment_status":"closed","ping_status":"closed","sticky":false,"template":"","format":"standard","meta":{"_acf_changed":false,"footnotes":""},"categories":[32],"tags":[],"class_list":["post-4433","post","type-post","status-publish","format-standard","has-post-thumbnail","hentry","category-st-paulus-stift-herxheim-news"],"acf":[],"publishpress_future_action":{"enabled":false,"date":"2026-05-04 07:14:06","action":"change-status","newStatus":"draft","terms":[],"taxonomy":"category","extraData":[]},"publishpress_future_workflow_manual_trigger":{"enabledWorkflows":[]},"_links":{"self":[{"href":"https:\/\/jfb-stiftung.de\/st-paulus-stift-herxheim\/wp-json\/wp\/v2\/posts\/4433","targetHints":{"allow":["GET"]}}],"collection":[{"href":"https:\/\/jfb-stiftung.de\/st-paulus-stift-herxheim\/wp-json\/wp\/v2\/posts"}],"about":[{"href":"https:\/\/jfb-stiftung.de\/st-paulus-stift-herxheim\/wp-json\/wp\/v2\/types\/post"}],"author":[{"embeddable":true,"href":"https:\/\/jfb-stiftung.de\/st-paulus-stift-herxheim\/wp-json\/wp\/v2\/users\/2"}],"replies":[{"embeddable":true,"href":"https:\/\/jfb-stiftung.de\/st-paulus-stift-herxheim\/wp-json\/wp\/v2\/comments?post=4433"}],"version-history":[{"count":0,"href":"https:\/\/jfb-stiftung.de\/st-paulus-stift-herxheim\/wp-json\/wp\/v2\/posts\/4433\/revisions"}],"wp:featuredmedia":[{"embeddable":true,"href":"https:\/\/jfb-stiftung.de\/st-paulus-stift-herxheim\/wp-json\/wp\/v2\/media\/4437"}],"wp:attachment":[{"href":"https:\/\/jfb-stiftung.de\/st-paulus-stift-herxheim\/wp-json\/wp\/v2\/media?parent=4433"}],"wp:term":[{"taxonomy":"category","embeddable":true,"href":"https:\/\/jfb-stiftung.de\/st-paulus-stift-herxheim\/wp-json\/wp\/v2\/categories?post=4433"},{"taxonomy":"post_tag","embeddable":true,"href":"https:\/\/jfb-stiftung.de\/st-paulus-stift-herxheim\/wp-json\/wp\/v2\/tags?post=4433"}],"curies":[{"name":"wp","href":"https:\/\/api.w.org\/{rel}","templated":true}]}}