{"id":4259,"date":"2022-06-27T08:27:41","date_gmt":"2022-06-27T06:27:41","guid":{"rendered":"https:\/\/jfb-stiftung.de\/st-paulus-stift-herxheim\/hep-hep-hurra-viel-los-bei-der-ausbildungsmesse-im-pamina-schulzentrum\/"},"modified":"2022-06-27T08:27:41","modified_gmt":"2022-06-27T06:27:41","slug":"hep-hep-hurra-viel-los-bei-der-ausbildungsmesse-im-pamina-schulzentrum","status":"publish","type":"post","link":"https:\/\/jfb-stiftung.de\/st-paulus-stift-herxheim\/hep-hep-hurra-viel-los-bei-der-ausbildungsmesse-im-pamina-schulzentrum\/","title":{"rendered":"Hep Hep Hurra: Viel los bei der Ausbildungsmesse im Pamina Schulzentrum"},"content":{"rendered":"<p>Zahlreiche Sch\u00fclerinnen und Sch\u00fcler tummelten sich vergangenen Samstag (25.06.2022) an unsere Messestand (oder besser: Messe-Klassenzimmer) im Pamina Schulzentrum in Herxheim. Mit viel Liebe zum Detail baute unser sympathisches Messeteam ein gem\u00fctliches Bewohner*innenzimmer mit Lavalampe, Chill-Sessel und einem gediegenen Zocker-Bereich nach (bei dem Bewohner Daniel auf der Switch sein Bestes gab).\u00a0 Mit viel Charme und Herz schafften es Daniela, Ephi, Sandra und Michael den jungen Leuten einiges Wissenswertes \u00fcber die Ausbildung zur\/zum Heilerziehungspfleger n\u00e4herzubringen. In so manch \u00fcberraschtes Gesicht schaute unser engagiertes Messeteam, als erkl\u00e4rt wurde dass Heilerziehungspflege eigentlich gar nichts mit Pflege im engeren Sinn zu tun hat, obwohl in dem Ausbildungsberuf das Wort \u201ePflege&#8220; enthalten ist. Vielmehr gehe es darum, die Menschen in ihrem Leben zu begleiten und zwar mit allem was dazu geh\u00f6rt. Einige interessierten sich sogar f\u00fcr ein Schnupperpraktikum in den Ferien, was wir gerne m\u00f6glich machen. Voller Energie und Tatendrang stehen wir schon in den Startl\u00f6chern f\u00fcr die n\u00e4chste Azubi-Messe in W\u00f6rth am Samstag, den 2. Juli in der Carl Benz Gesamtschule. Mit im Gep\u00e4ck wieder jede Menge \u00dcberraschungen und alles rund um die HEP-Ausbildung.<\/p>\n<p><img fetchpriority=\"high\" decoding=\"async\" class=\"alignnone wp-image-4260\" src=\"https:\/\/jfb-stiftung.de\/st-paulus-stift-herxheim\/wp-content\/uploads\/sites\/3\/2022\/06\/20220625_114841-1000x750.jpg\" alt=\"\" width=\"278\" height=\"209\" srcset=\"https:\/\/jfb-stiftung.de\/st-paulus-stift-herxheim\/wp-content\/uploads\/sites\/3\/2022\/06\/20220625_114841-1000x750.jpg 1000w, https:\/\/jfb-stiftung.de\/st-paulus-stift-herxheim\/wp-content\/uploads\/sites\/3\/2022\/06\/20220625_114841-1500x1125.jpg 1500w, https:\/\/jfb-stiftung.de\/st-paulus-stift-herxheim\/wp-content\/uploads\/sites\/3\/2022\/06\/20220625_114841-768x576.jpg 768w, https:\/\/jfb-stiftung.de\/st-paulus-stift-herxheim\/wp-content\/uploads\/sites\/3\/2022\/06\/20220625_114841-1536x1152.jpg 1536w, https:\/\/jfb-stiftung.de\/st-paulus-stift-herxheim\/wp-content\/uploads\/sites\/3\/2022\/06\/20220625_114841-2048x1536.jpg 2048w\" sizes=\"(max-width: 278px) 100vw, 278px\" \/> <img decoding=\"async\" class=\"alignnone wp-image-4262\" src=\"https:\/\/jfb-stiftung.de\/st-paulus-stift-herxheim\/wp-content\/uploads\/sites\/3\/2022\/06\/20220625_111707-1000x750.jpg\" alt=\"\" width=\"277\" height=\"208\" srcset=\"https:\/\/jfb-stiftung.de\/st-paulus-stift-herxheim\/wp-content\/uploads\/sites\/3\/2022\/06\/20220625_111707-1000x750.jpg 1000w, https:\/\/jfb-stiftung.de\/st-paulus-stift-herxheim\/wp-content\/uploads\/sites\/3\/2022\/06\/20220625_111707-1500x1125.jpg 1500w, https:\/\/jfb-stiftung.de\/st-paulus-stift-herxheim\/wp-content\/uploads\/sites\/3\/2022\/06\/20220625_111707-768x576.jpg 768w, https:\/\/jfb-stiftung.de\/st-paulus-stift-herxheim\/wp-content\/uploads\/sites\/3\/2022\/06\/20220625_111707-1536x1152.jpg 1536w, https:\/\/jfb-stiftung.de\/st-paulus-stift-herxheim\/wp-content\/uploads\/sites\/3\/2022\/06\/20220625_111707-2048x1536.jpg 2048w\" sizes=\"(max-width: 277px) 100vw, 277px\" \/> <img decoding=\"async\" class=\"alignnone wp-image-4261\" src=\"https:\/\/jfb-stiftung.de\/st-paulus-stift-herxheim\/wp-content\/uploads\/sites\/3\/2022\/06\/20220625_112206-1000x776.jpg\" alt=\"\" width=\"267\" height=\"207\" srcset=\"https:\/\/jfb-stiftung.de\/st-paulus-stift-herxheim\/wp-content\/uploads\/sites\/3\/2022\/06\/20220625_112206-1000x776.jpg 1000w, https:\/\/jfb-stiftung.de\/st-paulus-stift-herxheim\/wp-content\/uploads\/sites\/3\/2022\/06\/20220625_112206-1500x1164.jpg 1500w, https:\/\/jfb-stiftung.de\/st-paulus-stift-herxheim\/wp-content\/uploads\/sites\/3\/2022\/06\/20220625_112206-768x596.jpg 768w, https:\/\/jfb-stiftung.de\/st-paulus-stift-herxheim\/wp-content\/uploads\/sites\/3\/2022\/06\/20220625_112206-1536x1192.jpg 1536w, https:\/\/jfb-stiftung.de\/st-paulus-stift-herxheim\/wp-content\/uploads\/sites\/3\/2022\/06\/20220625_112206-2048x1590.jpg 2048w\" sizes=\"(max-width: 267px) 100vw, 267px\" \/> <img loading=\"lazy\" decoding=\"async\" class=\"alignnone wp-image-4263\" src=\"https:\/\/jfb-stiftung.de\/st-paulus-stift-herxheim\/wp-content\/uploads\/sites\/3\/2022\/06\/20220625_110922-1000x750.jpg\" alt=\"\" width=\"278\" height=\"209\" srcset=\"https:\/\/jfb-stiftung.de\/st-paulus-stift-herxheim\/wp-content\/uploads\/sites\/3\/2022\/06\/20220625_110922-1000x750.jpg 1000w, https:\/\/jfb-stiftung.de\/st-paulus-stift-herxheim\/wp-content\/uploads\/sites\/3\/2022\/06\/20220625_110922-1500x1125.jpg 1500w, https:\/\/jfb-stiftung.de\/st-paulus-stift-herxheim\/wp-content\/uploads\/sites\/3\/2022\/06\/20220625_110922-768x576.jpg 768w, https:\/\/jfb-stiftung.de\/st-paulus-stift-herxheim\/wp-content\/uploads\/sites\/3\/2022\/06\/20220625_110922-1536x1152.jpg 1536w, https:\/\/jfb-stiftung.de\/st-paulus-stift-herxheim\/wp-content\/uploads\/sites\/3\/2022\/06\/20220625_110922-2048x1536.jpg 2048w\" sizes=\"(max-width: 278px) 100vw, 278px\" \/><\/p>\n","protected":false},"excerpt":{"rendered":"<p>Zahlreiche Sch\u00fclerinnen und Sch\u00fcler tummelten sich vergangenen Samstag (25.06.2022) an unsere Messestand (oder besser: Messe-Klassenzimmer) im Pamina Schulzentrum in Herxheim. Mit viel Liebe zum Detail baute unser sympathisches Messeteam ein \u2026<\/p>\n","protected":false},"author":2,"featured_media":4264,"comment_status":"closed","ping_status":"closed","sticky":false,"template":"","format":"standard","meta":{"_acf_changed":false,"footnotes":""},"categories":[32],"tags":[],"class_list":["post-4259","post","type-post","status-publish","format-standard","has-post-thumbnail","hentry","category-st-paulus-stift-herxheim-news"],"acf":[],"publishpress_future_action":{"enabled":false,"date":"2026-05-04 07:14:04","action":"change-status","newStatus":"draft","terms":[],"taxonomy":"category","extraData":[]},"publishpress_future_workflow_manual_trigger":{"enabledWorkflows":[]},"_links":{"self":[{"href":"https:\/\/jfb-stiftung.de\/st-paulus-stift-herxheim\/wp-json\/wp\/v2\/posts\/4259","targetHints":{"allow":["GET"]}}],"collection":[{"href":"https:\/\/jfb-stiftung.de\/st-paulus-stift-herxheim\/wp-json\/wp\/v2\/posts"}],"about":[{"href":"https:\/\/jfb-stiftung.de\/st-paulus-stift-herxheim\/wp-json\/wp\/v2\/types\/post"}],"author":[{"embeddable":true,"href":"https:\/\/jfb-stiftung.de\/st-paulus-stift-herxheim\/wp-json\/wp\/v2\/users\/2"}],"replies":[{"embeddable":true,"href":"https:\/\/jfb-stiftung.de\/st-paulus-stift-herxheim\/wp-json\/wp\/v2\/comments?post=4259"}],"version-history":[{"count":0,"href":"https:\/\/jfb-stiftung.de\/st-paulus-stift-herxheim\/wp-json\/wp\/v2\/posts\/4259\/revisions"}],"wp:featuredmedia":[{"embeddable":true,"href":"https:\/\/jfb-stiftung.de\/st-paulus-stift-herxheim\/wp-json\/wp\/v2\/media\/4264"}],"wp:attachment":[{"href":"https:\/\/jfb-stiftung.de\/st-paulus-stift-herxheim\/wp-json\/wp\/v2\/media?parent=4259"}],"wp:term":[{"taxonomy":"category","embeddable":true,"href":"https:\/\/jfb-stiftung.de\/st-paulus-stift-herxheim\/wp-json\/wp\/v2\/categories?post=4259"},{"taxonomy":"post_tag","embeddable":true,"href":"https:\/\/jfb-stiftung.de\/st-paulus-stift-herxheim\/wp-json\/wp\/v2\/tags?post=4259"}],"curies":[{"name":"wp","href":"https:\/\/api.w.org\/{rel}","templated":true}]}}