{"id":4225,"date":"2022-06-20T11:10:04","date_gmt":"2022-06-20T09:10:04","guid":{"rendered":"https:\/\/jfb-stiftung.de\/st-paulus-stift-herxheim\/?p=4225"},"modified":"2022-07-13T11:40:25","modified_gmt":"2022-07-13T09:40:25","slug":"echt-oder-unecht","status":"publish","type":"post","link":"https:\/\/jfb-stiftung.de\/st-paulus-stift-herxheim\/echt-oder-unecht\/","title":{"rendered":"Echt oder unecht?"},"content":{"rendered":"<p>Das ist bei dem wundersch\u00f6nen Blumenstrau\u00df in der erst k\u00fcrzlich kreativ eingerichteten Duftb\u00e4llchen-Ecke im Foyer des St. Paulus Stifts gar nicht so einfach zu beantworten. Um die Antwort gleich vorwegzunehmen: Er ist unecht. Es handelt sich um einen Wachs-Blumenstrau\u00df. Die Bl\u00fcten wurden zusammen mit den Besucher*innen der Tagesf\u00f6rderst\u00e4tte (Taf) selbst hergestellt und zwar mit geschmolzenem Wachs, Eiswasser, Leitungswasser und vor allem auch begabten Fingern. Die Idee kam von Shaghaf Karimeddin, die in der Taf arbeitet und umgesetzt wurde der \u201eWachsbl\u00fcten-Strau\u00df&#8220; nat\u00fcrlich gemeinsam und zwar mit den Gruppen 4,5 und 6 der Taf. Die einladende \u201eDuftb\u00e4llchen-Ecke&#8220; war ebenfalls ein gemeinsames Projekt der Gruppen 1,2,6 und 9 unserer Tagesf\u00f6rderst\u00e4tte. Liebevoll wurde hier mit sch\u00f6nen Kissen dekoriert und die duftenden Grasb\u00e4llchen (die mit nat\u00fcrlichen Duft\u00f6len betr\u00e4ufelt wurden) in der Mitte des Tisches aufgeh\u00e4ngt. Wer also ins St. Paulus Stift kommt, der wird an der gut duftenden Wohlf\u00fchl-Ecke kaum vorbeikommen. Ein Platz zum Verweilen f\u00fcr und mit den Besucher*innen der Taf gemacht und nat\u00fcrlich f\u00fcr jeden, der Lust hat kurz Platz zu nehmen.<\/p>\n<p><img fetchpriority=\"high\" decoding=\"async\" class=\"wp-image-4234 aligncenter\" src=\"https:\/\/jfb-stiftung.de\/st-paulus-stift-herxheim\/wp-content\/uploads\/sites\/3\/2022\/06\/20220620_102435-scaled-1000x662.jpg\" alt=\"\" width=\"363\" height=\"240\" srcset=\"https:\/\/jfb-stiftung.de\/st-paulus-stift-herxheim\/wp-content\/uploads\/sites\/3\/2022\/06\/20220620_102435-scaled-1000x662.jpg 1000w, https:\/\/jfb-stiftung.de\/st-paulus-stift-herxheim\/wp-content\/uploads\/sites\/3\/2022\/06\/20220620_102435-scaled-1500x993.jpg 1500w, https:\/\/jfb-stiftung.de\/st-paulus-stift-herxheim\/wp-content\/uploads\/sites\/3\/2022\/06\/20220620_102435-scaled-768x509.jpg 768w, https:\/\/jfb-stiftung.de\/st-paulus-stift-herxheim\/wp-content\/uploads\/sites\/3\/2022\/06\/20220620_102435-scaled-1536x1017.jpg 1536w, https:\/\/jfb-stiftung.de\/st-paulus-stift-herxheim\/wp-content\/uploads\/sites\/3\/2022\/06\/20220620_102435-scaled-2048x1356.jpg 2048w\" sizes=\"(max-width: 363px) 100vw, 363px\" \/><\/p>\n","protected":false},"excerpt":{"rendered":"<p>Das ist bei dem wundersch\u00f6nen Blumenstrau\u00df in der erst k\u00fcrzlich kreativ eingerichteten Duftb\u00e4llchen-Ecke im Foyer des St. Paulus Stifts gar nicht so einfach zu beantworten. Um die Antwort gleich vorwegzunehmen: \u2026<\/p>\n","protected":false},"author":2,"featured_media":4226,"comment_status":"closed","ping_status":"closed","sticky":false,"template":"","format":"standard","meta":{"_acf_changed":false,"footnotes":""},"categories":[32],"tags":[],"class_list":["post-4225","post","type-post","status-publish","format-standard","has-post-thumbnail","hentry","category-st-paulus-stift-herxheim-news"],"acf":[],"publishpress_future_action":{"enabled":false,"date":"2026-05-04 07:14:39","action":"change-status","newStatus":"draft","terms":[],"taxonomy":"category","extraData":[]},"publishpress_future_workflow_manual_trigger":{"enabledWorkflows":[]},"_links":{"self":[{"href":"https:\/\/jfb-stiftung.de\/st-paulus-stift-herxheim\/wp-json\/wp\/v2\/posts\/4225","targetHints":{"allow":["GET"]}}],"collection":[{"href":"https:\/\/jfb-stiftung.de\/st-paulus-stift-herxheim\/wp-json\/wp\/v2\/posts"}],"about":[{"href":"https:\/\/jfb-stiftung.de\/st-paulus-stift-herxheim\/wp-json\/wp\/v2\/types\/post"}],"author":[{"embeddable":true,"href":"https:\/\/jfb-stiftung.de\/st-paulus-stift-herxheim\/wp-json\/wp\/v2\/users\/2"}],"replies":[{"embeddable":true,"href":"https:\/\/jfb-stiftung.de\/st-paulus-stift-herxheim\/wp-json\/wp\/v2\/comments?post=4225"}],"version-history":[{"count":0,"href":"https:\/\/jfb-stiftung.de\/st-paulus-stift-herxheim\/wp-json\/wp\/v2\/posts\/4225\/revisions"}],"wp:featuredmedia":[{"embeddable":true,"href":"https:\/\/jfb-stiftung.de\/st-paulus-stift-herxheim\/wp-json\/wp\/v2\/media\/4226"}],"wp:attachment":[{"href":"https:\/\/jfb-stiftung.de\/st-paulus-stift-herxheim\/wp-json\/wp\/v2\/media?parent=4225"}],"wp:term":[{"taxonomy":"category","embeddable":true,"href":"https:\/\/jfb-stiftung.de\/st-paulus-stift-herxheim\/wp-json\/wp\/v2\/categories?post=4225"},{"taxonomy":"post_tag","embeddable":true,"href":"https:\/\/jfb-stiftung.de\/st-paulus-stift-herxheim\/wp-json\/wp\/v2\/tags?post=4225"}],"curies":[{"name":"wp","href":"https:\/\/api.w.org\/{rel}","templated":true}]}}