{"id":4221,"date":"2022-06-20T10:11:14","date_gmt":"2022-06-20T08:11:14","guid":{"rendered":"https:\/\/jfb-stiftung.de\/st-paulus-stift-herxheim\/?p=4221"},"modified":"2022-06-20T10:13:18","modified_gmt":"2022-06-20T08:13:18","slug":"wir-sind-am-start-ausbildungsmesse-im-pamina-schulzentrum-herxheim","status":"publish","type":"post","link":"https:\/\/jfb-stiftung.de\/st-paulus-stift-herxheim\/wir-sind-am-start-ausbildungsmesse-im-pamina-schulzentrum-herxheim\/","title":{"rendered":"Wir sind am Start: Ausbildungsmesse im Pamina Schulzentrum Herxheim"},"content":{"rendered":"<p>F\u00fcr die am Samstag, den 25.06.2022 im Pamina Schulzentrum Herxheim stattfindende Ausbildungsmesse hat unser Messe-Team nicht nur viele Infos \u00fcber die Ausbildung zur\/zum Heilerziehungspfleger*in (HEP) im Gep\u00e4ck, sondern sich auch ein paar coole Mitmach-Erlebnisse ausgedacht. Hierzu wird ein Zimmer eines im St. Paulus Stift lebenden Menschen nachgebaut und zwar mit Fernseher, Spielekonsole, Sitzkissen und Lichtelementen. Wer mag kann sich dann entweder ein bisschen entspannen oder snoozeln, wie man das heute auch gerne nennt, oder mit einem unserer Bewohner*innen auf der Switch zocken. Denn unser Messe-Team besteht nicht nur aus Mitarbeiter*innen, sondern auch aus Bewohner*innen. Unser Team m\u00f6chte den Sch\u00fcler*innen auf diese praktische Art und Weise m\u00f6gliche Hemmung gegen\u00fcber Menschen mit Behinderung nehmen und auch zeigen, dass der HEP-Beruf nicht prim\u00e4r etwas mit Pflege zu tun hat, sondern eine Begleitung im Alltag ist. Wer hier neugierig geworden ist, findet uns in der Zeit von 10 bis 14.30h am Standort 9\/SI 222 (1.OG Stand 9) im Bereich Pflege\/Gesundheit. Wir freuen uns auf euch!<\/p>\n","protected":false},"excerpt":{"rendered":"<p>F\u00fcr die am Samstag, den 25.06.2022 im Pamina Schulzentrum Herxheim stattfindende Ausbildungsmesse hat unser Messe-Team nicht nur viele Infos \u00fcber die Ausbildung zur\/zum Heilerziehungspfleger*in (HEP) im Gep\u00e4ck, sondern sich auch \u2026<\/p>\n","protected":false},"author":2,"featured_media":4222,"comment_status":"closed","ping_status":"closed","sticky":false,"template":"","format":"standard","meta":{"_acf_changed":false,"footnotes":""},"categories":[32],"tags":[],"class_list":["post-4221","post","type-post","status-publish","format-standard","has-post-thumbnail","hentry","category-st-paulus-stift-herxheim-news"],"acf":[],"publishpress_future_action":{"enabled":false,"date":"2026-05-04 07:14:39","action":"change-status","newStatus":"draft","terms":[],"taxonomy":"category","extraData":[]},"publishpress_future_workflow_manual_trigger":{"enabledWorkflows":[]},"_links":{"self":[{"href":"https:\/\/jfb-stiftung.de\/st-paulus-stift-herxheim\/wp-json\/wp\/v2\/posts\/4221","targetHints":{"allow":["GET"]}}],"collection":[{"href":"https:\/\/jfb-stiftung.de\/st-paulus-stift-herxheim\/wp-json\/wp\/v2\/posts"}],"about":[{"href":"https:\/\/jfb-stiftung.de\/st-paulus-stift-herxheim\/wp-json\/wp\/v2\/types\/post"}],"author":[{"embeddable":true,"href":"https:\/\/jfb-stiftung.de\/st-paulus-stift-herxheim\/wp-json\/wp\/v2\/users\/2"}],"replies":[{"embeddable":true,"href":"https:\/\/jfb-stiftung.de\/st-paulus-stift-herxheim\/wp-json\/wp\/v2\/comments?post=4221"}],"version-history":[{"count":0,"href":"https:\/\/jfb-stiftung.de\/st-paulus-stift-herxheim\/wp-json\/wp\/v2\/posts\/4221\/revisions"}],"wp:featuredmedia":[{"embeddable":true,"href":"https:\/\/jfb-stiftung.de\/st-paulus-stift-herxheim\/wp-json\/wp\/v2\/media\/4222"}],"wp:attachment":[{"href":"https:\/\/jfb-stiftung.de\/st-paulus-stift-herxheim\/wp-json\/wp\/v2\/media?parent=4221"}],"wp:term":[{"taxonomy":"category","embeddable":true,"href":"https:\/\/jfb-stiftung.de\/st-paulus-stift-herxheim\/wp-json\/wp\/v2\/categories?post=4221"},{"taxonomy":"post_tag","embeddable":true,"href":"https:\/\/jfb-stiftung.de\/st-paulus-stift-herxheim\/wp-json\/wp\/v2\/tags?post=4221"}],"curies":[{"name":"wp","href":"https:\/\/api.w.org\/{rel}","templated":true}]}}