{"id":4218,"date":"2022-06-14T11:35:39","date_gmt":"2022-06-14T09:35:39","guid":{"rendered":"https:\/\/jfb-stiftung.de\/st-paulus-stift-herxheim\/insektenhotel-im-garten-des-st-paulus-stifts\/"},"modified":"2022-06-14T11:35:39","modified_gmt":"2022-06-14T09:35:39","slug":"insektenhotel-im-garten-des-st-paulus-stifts","status":"publish","type":"post","link":"https:\/\/jfb-stiftung.de\/st-paulus-stift-herxheim\/insektenhotel-im-garten-des-st-paulus-stifts\/","title":{"rendered":"Insektenhotel im Garten des St. Paulus Stifts"},"content":{"rendered":"<p>Das neuste Kleinprojekt des gro\u00dfen Bienen-Projekts der Tagesf\u00f6rderst\u00e4tte (Taf) ist fertiggestellt: Ein Insektenhotel. Zusammen mit den Besucher*innen der Taf haben die Mitarbeiter*innen H\u00f6lzer und andere Naturmaterialien gesammelt und in eine bunt bemalte Blechdose gepackt. Nun musste nur noch ein passendes Pl\u00e4tzchen in einem der vielen B\u00e4ume im Garten des St. Paulus Stifts gefunden werden, dass sich auch alle Bienen und Co pudelwohl f\u00fchlen. Unser G\u00e4rtner Sepp war behilflich und nun k\u00f6nnen alle beobachten, ob sich tats\u00e4chlich bald ein paar Insekten in dem sch\u00f6nen Hotel einmieten werden.\u00a0 Das Bienenprojekt l\u00e4uft schon seit Mitte Mai im St. Paulus Stift und zwischenzeitlich gab es f\u00fcr die Besucher*innen schon allerhand zu entdecken und zu erleben. Neben verschiedenen Mitmach-Aktionen am Tag der Biene, dem S\u00e4en von Blumensamen, einem \u201eSinnestest rund um die Bienen&#8220; (bei dem auch geschlemmt werden durfte) gab es noch vieles mehr. Das Bienen-Projekt ist auf Initiative der Gruppe 2 der Taf ins Leben gerufen worden, mittlerweile haben sich zahlreiche andere Gruppen angeschlossen und entwickeln immer neue Ideen und Aktionen rund um die Biene.<\/p>\n<p>&nbsp;<\/p>\n<p><img fetchpriority=\"high\" decoding=\"async\" class=\"wp-image-5223 alignnone\" src=\"https:\/\/jfb-stiftung.de\/wp-content\/uploads\/2022\/05\/Tag-der-Biene_HX-886x1000.jpg\" alt=\"\" width=\"281\" height=\"317\">\u00a0 \u00a0 \u00a0\u00a0 <img decoding=\"async\" class=\"wp-image-5226 alignnone\" src=\"https:\/\/jfb-stiftung.de\/wp-content\/uploads\/2022\/05\/Sinnestest_Biene-1000x750.jpg\" alt=\"\" width=\"420\" height=\"315\">\u00a0 \u00a0 \u00a0\u00a0<img decoding=\"async\" class=\"alignnone wp-image-4198\" src=\"https:\/\/jfb-stiftung.de\/st-paulus-stift-herxheim\/wp-content\/uploads\/sites\/3\/2022\/05\/IMG_3135-606x1000.jpg\" alt=\"\" width=\"191\" height=\"315\" srcset=\"https:\/\/jfb-stiftung.de\/st-paulus-stift-herxheim\/wp-content\/uploads\/sites\/3\/2022\/05\/IMG_3135-606x1000.jpg 606w, https:\/\/jfb-stiftung.de\/st-paulus-stift-herxheim\/wp-content\/uploads\/sites\/3\/2022\/05\/IMG_3135-727x1200.jpg 727w, https:\/\/jfb-stiftung.de\/st-paulus-stift-herxheim\/wp-content\/uploads\/sites\/3\/2022\/05\/IMG_3135-768x1268.jpg 768w, https:\/\/jfb-stiftung.de\/st-paulus-stift-herxheim\/wp-content\/uploads\/sites\/3\/2022\/05\/IMG_3135-930x1536.jpg 930w, https:\/\/jfb-stiftung.de\/st-paulus-stift-herxheim\/wp-content\/uploads\/sites\/3\/2022\/05\/IMG_3135.jpg 1221w\" sizes=\"(max-width: 191px) 100vw, 191px\" \/><\/p>\n<p>&nbsp;<\/p>\n<p>&nbsp;<\/p>\n","protected":false},"excerpt":{"rendered":"<p>Das neuste Kleinprojekt des gro\u00dfen Bienen-Projekts der Tagesf\u00f6rderst\u00e4tte (Taf) ist fertiggestellt: Ein Insektenhotel. Zusammen mit den Besucher*innen der Taf haben die Mitarbeiter*innen H\u00f6lzer und andere Naturmaterialien gesammelt und in eine \u2026<\/p>\n","protected":false},"author":2,"featured_media":4219,"comment_status":"closed","ping_status":"closed","sticky":false,"template":"","format":"standard","meta":{"_acf_changed":false,"footnotes":""},"categories":[32],"tags":[],"class_list":["post-4218","post","type-post","status-publish","format-standard","has-post-thumbnail","hentry","category-st-paulus-stift-herxheim-news"],"acf":[],"publishpress_future_action":{"enabled":false,"date":"2026-05-04 07:14:16","action":"change-status","newStatus":"draft","terms":[],"taxonomy":"category","extraData":[]},"publishpress_future_workflow_manual_trigger":{"enabledWorkflows":[]},"_links":{"self":[{"href":"https:\/\/jfb-stiftung.de\/st-paulus-stift-herxheim\/wp-json\/wp\/v2\/posts\/4218","targetHints":{"allow":["GET"]}}],"collection":[{"href":"https:\/\/jfb-stiftung.de\/st-paulus-stift-herxheim\/wp-json\/wp\/v2\/posts"}],"about":[{"href":"https:\/\/jfb-stiftung.de\/st-paulus-stift-herxheim\/wp-json\/wp\/v2\/types\/post"}],"author":[{"embeddable":true,"href":"https:\/\/jfb-stiftung.de\/st-paulus-stift-herxheim\/wp-json\/wp\/v2\/users\/2"}],"replies":[{"embeddable":true,"href":"https:\/\/jfb-stiftung.de\/st-paulus-stift-herxheim\/wp-json\/wp\/v2\/comments?post=4218"}],"version-history":[{"count":0,"href":"https:\/\/jfb-stiftung.de\/st-paulus-stift-herxheim\/wp-json\/wp\/v2\/posts\/4218\/revisions"}],"wp:featuredmedia":[{"embeddable":true,"href":"https:\/\/jfb-stiftung.de\/st-paulus-stift-herxheim\/wp-json\/wp\/v2\/media\/4219"}],"wp:attachment":[{"href":"https:\/\/jfb-stiftung.de\/st-paulus-stift-herxheim\/wp-json\/wp\/v2\/media?parent=4218"}],"wp:term":[{"taxonomy":"category","embeddable":true,"href":"https:\/\/jfb-stiftung.de\/st-paulus-stift-herxheim\/wp-json\/wp\/v2\/categories?post=4218"},{"taxonomy":"post_tag","embeddable":true,"href":"https:\/\/jfb-stiftung.de\/st-paulus-stift-herxheim\/wp-json\/wp\/v2\/tags?post=4218"}],"curies":[{"name":"wp","href":"https:\/\/api.w.org\/{rel}","templated":true}]}}