{"id":4170,"date":"2022-05-19T10:57:31","date_gmt":"2022-05-19T08:57:31","guid":{"rendered":"https:\/\/jfb-stiftung.de\/st-paulus-stift-herxheim\/?p=4170"},"modified":"2022-05-24T11:21:06","modified_gmt":"2022-05-24T09:21:06","slug":"bienen-projekt-der-tagesfoerderstaette","status":"publish","type":"post","link":"https:\/\/jfb-stiftung.de\/st-paulus-stift-herxheim\/bienen-projekt-der-tagesfoerderstaette\/","title":{"rendered":"Bienen-Projekt der Tagesf\u00f6rderst\u00e4tte"},"content":{"rendered":"<p>Ohne die kleinen gelb-schwarzen Helfer*innen w\u00fcrden wir ganz sch\u00f6n in die R\u00f6hre schauen. Die Bienen haben zu Recht ein gutes Image, denn sie sind f\u00fcr die Artenvielfalt, die Nachhaltigkeit schlicht f\u00fcr unser ganzes Leben von immenser Bedeutung. Eine Welt ohne Bienen w\u00e4re eine v\u00f6llig andere. Auf die Idee diese gro\u00dfartige Welt der Bienen auch den Besucher*innen der Tagesf\u00f6rderst\u00e4tte (Taf) n\u00e4herzubringen kam die Gruppe 2 der Taf, mittlerweile haben sich noch zahlreiche weitere Gruppen der Taf angeschlossen. Rund um den Tag der Biene (20.5.2022) haben sich die Mitarbeiter*innen tolle Mitmach-Aktionen zu ihrem in dieser Woche gestartetem Bienen-Projekt ausgedacht. Zusammen mit den Besucher*innen der Taf\u00a0 werden Blumensamen ausges\u00e4t, ein Insektenhotel gebastelt und nat\u00fcrlich alles wissenswerte rund um die Biene anschaulich erkl\u00e4rt (zum Beispiel anhand einer Bewegungsgeschichte). Zum Tag der Biene haben sich die Mitarbeiter*innen sogar noch etwas ganz besonderes ausgedacht: Einen \u201eBienen-Test&#8220;, der von den Besucher*innen mit allen Sinnen erfahren werden kann. Hierzu darf getastet, gerochen, gef\u00fchlt oder auch gleich vom leckeren Honig genascht werden: Spa\u00df und neue lustige Erlebnisse und Erfahrungen sind hier vorprogrammiert.<\/p>\n<p>&nbsp;<\/p>\n<p><img fetchpriority=\"high\" decoding=\"async\" class=\"wp-image-4171 alignnone\" src=\"https:\/\/jfb-stiftung.de\/st-paulus-stift-herxheim\/wp-content\/uploads\/sites\/3\/2022\/05\/Tag-der-Biene_HX-886x1000.jpg\" alt=\"\" width=\"232\" height=\"262\" srcset=\"https:\/\/jfb-stiftung.de\/st-paulus-stift-herxheim\/wp-content\/uploads\/sites\/3\/2022\/05\/Tag-der-Biene_HX-886x1000.jpg 886w, https:\/\/jfb-stiftung.de\/st-paulus-stift-herxheim\/wp-content\/uploads\/sites\/3\/2022\/05\/Tag-der-Biene_HX-1063x1200.jpg 1063w, https:\/\/jfb-stiftung.de\/st-paulus-stift-herxheim\/wp-content\/uploads\/sites\/3\/2022\/05\/Tag-der-Biene_HX-768x867.jpg 768w, https:\/\/jfb-stiftung.de\/st-paulus-stift-herxheim\/wp-content\/uploads\/sites\/3\/2022\/05\/Tag-der-Biene_HX-1361x1536.jpg 1361w, https:\/\/jfb-stiftung.de\/st-paulus-stift-herxheim\/wp-content\/uploads\/sites\/3\/2022\/05\/Tag-der-Biene_HX.jpg 1390w\" sizes=\"(max-width: 232px) 100vw, 232px\" \/>\u00a0 \u00a0<img decoding=\"async\" class=\"wp-image-4175 alignnone\" src=\"https:\/\/jfb-stiftung.de\/st-paulus-stift-herxheim\/wp-content\/uploads\/sites\/3\/2022\/05\/Sinnestest_Biene-1000x750.jpg\" alt=\"\" width=\"350\" height=\"262\" srcset=\"https:\/\/jfb-stiftung.de\/st-paulus-stift-herxheim\/wp-content\/uploads\/sites\/3\/2022\/05\/Sinnestest_Biene-1000x750.jpg 1000w, https:\/\/jfb-stiftung.de\/st-paulus-stift-herxheim\/wp-content\/uploads\/sites\/3\/2022\/05\/Sinnestest_Biene-1500x1125.jpg 1500w, https:\/\/jfb-stiftung.de\/st-paulus-stift-herxheim\/wp-content\/uploads\/sites\/3\/2022\/05\/Sinnestest_Biene-768x576.jpg 768w, https:\/\/jfb-stiftung.de\/st-paulus-stift-herxheim\/wp-content\/uploads\/sites\/3\/2022\/05\/Sinnestest_Biene-1536x1152.jpg 1536w, https:\/\/jfb-stiftung.de\/st-paulus-stift-herxheim\/wp-content\/uploads\/sites\/3\/2022\/05\/Sinnestest_Biene.jpg 2016w\" sizes=\"(max-width: 350px) 100vw, 350px\" \/>\u00a0 \u00a0<img decoding=\"async\" class=\"alignnone  wp-image-4202\" src=\"https:\/\/jfb-stiftung.de\/st-paulus-stift-herxheim\/wp-content\/uploads\/sites\/3\/2022\/05\/Bienestock_neu-rotated.jpg\" alt=\"\" width=\"196\" height=\"262\"> \u00a0 <img loading=\"lazy\" decoding=\"async\" class=\"alignnone  wp-image-4203\" src=\"https:\/\/jfb-stiftung.de\/st-paulus-stift-herxheim\/wp-content\/uploads\/sites\/3\/2022\/05\/IMG_3258_neu-711x1000.jpg\" alt=\"\" width=\"184\" height=\"259\" srcset=\"https:\/\/jfb-stiftung.de\/st-paulus-stift-herxheim\/wp-content\/uploads\/sites\/3\/2022\/05\/IMG_3258_neu-711x1000.jpg 711w, https:\/\/jfb-stiftung.de\/st-paulus-stift-herxheim\/wp-content\/uploads\/sites\/3\/2022\/05\/IMG_3258_neu-854x1200.jpg 854w, https:\/\/jfb-stiftung.de\/st-paulus-stift-herxheim\/wp-content\/uploads\/sites\/3\/2022\/05\/IMG_3258_neu-768x1080.jpg 768w, https:\/\/jfb-stiftung.de\/st-paulus-stift-herxheim\/wp-content\/uploads\/sites\/3\/2022\/05\/IMG_3258_neu-1093x1536.jpg 1093w, https:\/\/jfb-stiftung.de\/st-paulus-stift-herxheim\/wp-content\/uploads\/sites\/3\/2022\/05\/IMG_3258_neu.jpg 1200w\" sizes=\"(max-width: 184px) 100vw, 184px\" \/> \u00a0 <img loading=\"lazy\" decoding=\"async\" class=\"alignnone  wp-image-4201\" src=\"https:\/\/jfb-stiftung.de\/st-paulus-stift-herxheim\/wp-content\/uploads\/sites\/3\/2022\/05\/Bienestock-III_neu.jpg\" alt=\"\" width=\"218\" height=\"255\"><\/p>\n<p>&nbsp;<\/p>\n<p>&nbsp;<\/p>\n","protected":false},"excerpt":{"rendered":"<p>Ohne die kleinen gelb-schwarzen Helfer*innen w\u00fcrden wir ganz sch\u00f6n in die R\u00f6hre schauen. Die Bienen haben zu Recht ein gutes Image, denn sie sind f\u00fcr die Artenvielfalt, die Nachhaltigkeit schlicht \u2026<\/p>\n","protected":false},"author":2,"featured_media":4198,"comment_status":"closed","ping_status":"closed","sticky":false,"template":"","format":"standard","meta":{"_acf_changed":false,"footnotes":""},"categories":[32],"tags":[],"class_list":["post-4170","post","type-post","status-publish","format-standard","has-post-thumbnail","hentry","category-st-paulus-stift-herxheim-news"],"acf":[],"publishpress_future_action":{"enabled":false,"date":"2026-05-04 08:44:44","action":"change-status","newStatus":"draft","terms":[],"taxonomy":"category","extraData":[]},"publishpress_future_workflow_manual_trigger":{"enabledWorkflows":[]},"_links":{"self":[{"href":"https:\/\/jfb-stiftung.de\/st-paulus-stift-herxheim\/wp-json\/wp\/v2\/posts\/4170","targetHints":{"allow":["GET"]}}],"collection":[{"href":"https:\/\/jfb-stiftung.de\/st-paulus-stift-herxheim\/wp-json\/wp\/v2\/posts"}],"about":[{"href":"https:\/\/jfb-stiftung.de\/st-paulus-stift-herxheim\/wp-json\/wp\/v2\/types\/post"}],"author":[{"embeddable":true,"href":"https:\/\/jfb-stiftung.de\/st-paulus-stift-herxheim\/wp-json\/wp\/v2\/users\/2"}],"replies":[{"embeddable":true,"href":"https:\/\/jfb-stiftung.de\/st-paulus-stift-herxheim\/wp-json\/wp\/v2\/comments?post=4170"}],"version-history":[{"count":0,"href":"https:\/\/jfb-stiftung.de\/st-paulus-stift-herxheim\/wp-json\/wp\/v2\/posts\/4170\/revisions"}],"wp:featuredmedia":[{"embeddable":true,"href":"https:\/\/jfb-stiftung.de\/st-paulus-stift-herxheim\/wp-json\/wp\/v2\/media\/4198"}],"wp:attachment":[{"href":"https:\/\/jfb-stiftung.de\/st-paulus-stift-herxheim\/wp-json\/wp\/v2\/media?parent=4170"}],"wp:term":[{"taxonomy":"category","embeddable":true,"href":"https:\/\/jfb-stiftung.de\/st-paulus-stift-herxheim\/wp-json\/wp\/v2\/categories?post=4170"},{"taxonomy":"post_tag","embeddable":true,"href":"https:\/\/jfb-stiftung.de\/st-paulus-stift-herxheim\/wp-json\/wp\/v2\/tags?post=4170"}],"curies":[{"name":"wp","href":"https:\/\/api.w.org\/{rel}","templated":true}]}}