{"id":4103,"date":"2022-05-09T09:24:11","date_gmt":"2022-05-09T07:24:11","guid":{"rendered":"https:\/\/jfb-stiftung.de\/st-paulus-stift-herxheim\/fotoshooting-im-st-paulus-stift-mit-helmut-dudenhoeffer\/"},"modified":"2022-05-10T12:30:14","modified_gmt":"2022-05-10T10:30:14","slug":"fotoshooting-im-st-paulus-stift-mit-helmut-dudenhoeffer","status":"publish","type":"post","link":"https:\/\/jfb-stiftung.de\/st-paulus-stift-herxheim\/fotoshooting-im-st-paulus-stift-mit-helmut-dudenhoeffer\/","title":{"rendered":"Fotoshooting im St. Paulus Stift mit Helmut Dudenh\u00f6ffer"},"content":{"rendered":"<p>Bilder erz\u00e4hlen Geschichten und halten wichtige Momente im Leben von Menschen fest. Um diese Geschichten und Momente auf Celluloid zu bannen war es schon sehr lange der Wunsch des St. Paulus Stift Herxheim, sch\u00f6ne, authentische und vor allem auch professionelle Fotos der dort lebenden Menschen zu \u201eschie\u00dfen\u201c. Dank dem sehr hohen ehrenamtlichen Engagement des Herxheimer Fotografen Helmut Dudenh\u00f6ffer wurde dieser Wunsch nun endlich Wirklichkeit. Aufgrund der Corona-Pandemie musste das geplante Fotoshooting immer wieder verschoben werden, doch Herr Dudenh\u00f6ffer blieb gelassen und immer flexibel, so dass er vergangenen Freitag (6.5.) mit seinem Foto-Equipment gut gelaunt und voller Tatendrang zum langersehnten Fotoshooting ins St. Paulus Stift anr\u00fccken konnte. Quer durchs Paulus Stift auf insgesamt sieben Wohngruppen machte Herr Dudenh\u00f6ffer blitzschnell und gekonnt Nahaufnahmen, \u201eBilder mittendrin\u201c, sowie Einzel- und Gruppenbilder der Bewohnerinnen und Bewohner. Danach wurden noch einige Bilder aus der Tagesf\u00f6rderst\u00e4tte des Hauses aufgenommen. Alle \u201eModels\u201c hatten riesigen Spa\u00df und Herr Dudenh\u00f6ffer kitzelte professionell so manches Lachen heraus, so dass wunderbare Bilder entstanden sind. Diese wunderbaren Bilder von Herr Dudenh\u00f6ffer sollen nun in den Wohngruppen und im St. Paulus Stift gro\u00dffl\u00e4chig aufgeh\u00e4ngt werden und auch f\u00fcr die neue Website und neue Flyer benutzt werden. \u201eIm Namen der Menschen, die bei uns im St. Paulus Stift leben, m\u00f6chte ich mich ganz herzlich bei Herr Dudenh\u00f6ffer f\u00fcr dessen ehrenamtlichen Einsatz bedanken. Die Fotos sind genauso geworden wie auch das Leben bei uns ist: einzigartig und bunt\u201c, erkl\u00e4rt die Gesch\u00e4ftsbereichsleiterin des St. Paulus Stifts Natascha Lettner. \u201eWir werden die sch\u00f6nen Fotos gro\u00dffl\u00e4chig auf Leinw\u00e4nden in den Wohngruppen und auch im St. Paulus Stift aufh\u00e4ngen. Wer uns hier mit einer kleinen Spende f\u00fcr den Fotodruck unterst\u00fctzen m\u00f6chte, kann dies sehr gerne tun: Unser Spendenkonto: LIGA Bank eG BIC: GENODEF1M05 IBAN: DE52750903000000062626 Verwendungszweck: Fotodruck Herxheim.\u201c<\/p>\n<p>(Fotohinweis: Alle abgebildeten Personen sind zuvor negativ auf das Corona-Virus getestet worden).<\/p>\n","protected":false},"excerpt":{"rendered":"<p>Bilder erz\u00e4hlen Geschichten und halten wichtige Momente im Leben von Menschen fest. Um diese Geschichten und Momente auf Celluloid zu bannen war es schon sehr lange der Wunsch des St. \u2026<\/p>\n","protected":false},"author":2,"featured_media":4104,"comment_status":"closed","ping_status":"closed","sticky":true,"template":"","format":"standard","meta":{"_acf_changed":false,"footnotes":""},"categories":[32],"tags":[],"class_list":["post-4103","post","type-post","status-publish","format-standard","has-post-thumbnail","hentry","category-st-paulus-stift-herxheim-news"],"acf":[],"publishpress_future_action":{"enabled":false,"date":"2026-05-04 08:43:16","action":"change-status","newStatus":"draft","terms":[],"taxonomy":"category","extraData":[]},"publishpress_future_workflow_manual_trigger":{"enabledWorkflows":[]},"_links":{"self":[{"href":"https:\/\/jfb-stiftung.de\/st-paulus-stift-herxheim\/wp-json\/wp\/v2\/posts\/4103","targetHints":{"allow":["GET"]}}],"collection":[{"href":"https:\/\/jfb-stiftung.de\/st-paulus-stift-herxheim\/wp-json\/wp\/v2\/posts"}],"about":[{"href":"https:\/\/jfb-stiftung.de\/st-paulus-stift-herxheim\/wp-json\/wp\/v2\/types\/post"}],"author":[{"embeddable":true,"href":"https:\/\/jfb-stiftung.de\/st-paulus-stift-herxheim\/wp-json\/wp\/v2\/users\/2"}],"replies":[{"embeddable":true,"href":"https:\/\/jfb-stiftung.de\/st-paulus-stift-herxheim\/wp-json\/wp\/v2\/comments?post=4103"}],"version-history":[{"count":0,"href":"https:\/\/jfb-stiftung.de\/st-paulus-stift-herxheim\/wp-json\/wp\/v2\/posts\/4103\/revisions"}],"wp:featuredmedia":[{"embeddable":true,"href":"https:\/\/jfb-stiftung.de\/st-paulus-stift-herxheim\/wp-json\/wp\/v2\/media\/4104"}],"wp:attachment":[{"href":"https:\/\/jfb-stiftung.de\/st-paulus-stift-herxheim\/wp-json\/wp\/v2\/media?parent=4103"}],"wp:term":[{"taxonomy":"category","embeddable":true,"href":"https:\/\/jfb-stiftung.de\/st-paulus-stift-herxheim\/wp-json\/wp\/v2\/categories?post=4103"},{"taxonomy":"post_tag","embeddable":true,"href":"https:\/\/jfb-stiftung.de\/st-paulus-stift-herxheim\/wp-json\/wp\/v2\/tags?post=4103"}],"curies":[{"name":"wp","href":"https:\/\/api.w.org\/{rel}","templated":true}]}}