{"id":4040,"date":"2022-04-12T09:13:13","date_gmt":"2022-04-12T07:13:13","guid":{"rendered":"https:\/\/jfb-stiftung.de\/st-paulus-stift-herxheim\/5035-2\/"},"modified":"2022-04-12T09:50:35","modified_gmt":"2022-04-12T07:50:35","slug":"froehlich-bunte-osterdeko","status":"publish","type":"post","link":"https:\/\/jfb-stiftung.de\/st-paulus-stift-herxheim\/froehlich-bunte-osterdeko\/","title":{"rendered":"Fr\u00f6hlich, bunte Osterdeko"},"content":{"rendered":"<p style=\"text-align: center;\">Egal wo man im St. Paulus Stift hinschaut, \u00fcberall entdeckt man wunderbare Osterdeko. Zusammen mit den Besucher*innen der Tagesf\u00f6rderst\u00e4tte haben Mitarbeiter*innen allerlei gebastelt und gewerkelt und im ganzen Haus verteilt. Das besondere Highlight sind die aus Holz angefertigten M\u00f6hren und Hasen-Pop\u00f6chen, die auf der Wiese vor dem St. Paulus Stift nicht nur die Bewohner*innen, sondern auch alle Mitarbeiter*innen und Besucher*innen erheitern. Gemacht wurden sie vom talentierten Gerd Schneider, der in einer betreuten WG im Umkreis lebt. Zu guter Letzt hat eine Mitarbeiterin der Tagesf\u00f6rderst\u00e4tte sogar ein Gedicht \u00fcber den \u201eOsterhasen im St. Paulus Stift&#8220; geschrieben, f\u00fcr alle Menschen, die hier leben. Wer es lesen mag, scrollt einfach ein bisschen runter.<\/p>\n<p style=\"text-align: center;\">In diesem Sinne frohe und gesegnete Ostern.<\/p>\n<p><img fetchpriority=\"high\" decoding=\"async\" class=\"size-medium wp-image-4042 aligncenter\" src=\"https:\/\/jfb-stiftung.de\/st-paulus-stift-herxheim\/wp-content\/uploads\/sites\/3\/2022\/04\/Collage-Ostern-2022-St-Paulus-Stift-HX_lowres-1000x411.png\" alt=\"\" width=\"1000\" height=\"411\" srcset=\"https:\/\/jfb-stiftung.de\/st-paulus-stift-herxheim\/wp-content\/uploads\/sites\/3\/2022\/04\/Collage-Ostern-2022-St-Paulus-Stift-HX_lowres-1000x411.png 1000w, https:\/\/jfb-stiftung.de\/st-paulus-stift-herxheim\/wp-content\/uploads\/sites\/3\/2022\/04\/Collage-Ostern-2022-St-Paulus-Stift-HX_lowres-1500x616.png 1500w, https:\/\/jfb-stiftung.de\/st-paulus-stift-herxheim\/wp-content\/uploads\/sites\/3\/2022\/04\/Collage-Ostern-2022-St-Paulus-Stift-HX_lowres-768x315.png 768w, https:\/\/jfb-stiftung.de\/st-paulus-stift-herxheim\/wp-content\/uploads\/sites\/3\/2022\/04\/Collage-Ostern-2022-St-Paulus-Stift-HX_lowres-1536x631.png 1536w, https:\/\/jfb-stiftung.de\/st-paulus-stift-herxheim\/wp-content\/uploads\/sites\/3\/2022\/04\/Collage-Ostern-2022-St-Paulus-Stift-HX_lowres-2048x841.png 2048w\" sizes=\"(max-width: 1000px) 100vw, 1000px\" \/><\/p>\n<p style=\"text-align: center;\"><em><strong>Das Osterh\u00e4schen vom St. Paulus Stift<\/strong><\/em><\/p>\n<p style=\"text-align: center;\"><em>Osterh\u00e4schen, aufgepasst &#8211; h\u00fcpft vergn\u00fcgt im gr\u00fcnen Gras<br \/>\n<\/em><em>Ohne Gros sich auszuruhen, denn es gibt genug zu tun:<\/em><\/p>\n<p style=\"text-align: center;\"><em>Eier f\u00e4rben und gestalten,<br \/>\n<\/em><em>hier und dort ein Schw\u00e4tzchen halten,<br \/>\n<\/em><em>ein St\u00fcck Schokolade zum Innehalten,<br \/>\n<\/em><em>auf einander achten, nicht verzweifeln,<br \/>\n<\/em><em>bis bald wieder kommen bessere Zeiten.<\/em><\/p>\n<p style=\"text-align: center;\"><em><strong>\u00a0\u00a0\u00a0\u00a0\u00a0\u00a0\u00a0\u00a0\u00a0\u00a0\u00a0\u00a0\u00a0\u00a0\u00a0\u00a0 H\u00e4schen h\u00fcpft zu jedem hin! <\/strong><\/em><\/p>\n<p style=\"text-align: center;\"><em>\u00a0\u00a0\u00a0\u00a0\u00a0\u00a0\u00a0\u00a0\u00a0\u00a0\u00a0\u00a0\u00a0\u00a0 Voller Eifer und Elan bis die Arbeit ist getan.<br \/>\n<\/em><em>Geschenke verteilen an die Lieben, welche hier im Paulus Stift wohnen und leben.<br \/>\n<\/em><em>Schwupps &#8211; da steckt es fest im Hasenloch, Kopf nach vorne, das geht dann doch, P\u00f6\u00f6chen hoch mit Stummelschw\u00e4nzchen, bis gelingt ein fr\u00f6hliches Hasent\u00e4nzchen.<br \/>\n<\/em><em>Ach wie lustig und wie sch\u00f6n ist Ostern dann doch, wenn das H\u00e4schen bleibt stecken in seinem Loch.<br \/>\nN\u00e4schen r\u00fcmpfen, Ohren spitzen, weiterhoppeln, nicht verzweifeln, denn es kommen auch wieder bessere Zeiten.<\/em><\/p>\n<p style=\"text-align: center;\"><strong><em>Frohe Ostern Euch allen !<\/em><\/strong><\/p>\n<p style=\"text-align: right;\"><em>Mitarbeiterin der Tagesf\u00f6rderst\u00e4tte<\/em><\/p>\n<p>&nbsp;<\/p>\n<p><img decoding=\"async\" class=\" wp-image-4041 aligncenter\" src=\"https:\/\/jfb-stiftung.de\/st-paulus-stift-herxheim\/wp-content\/uploads\/sites\/3\/2022\/04\/Osterhase-buddelt_Website-1000x750.jpg\" alt=\"\" width=\"685\" height=\"514\" srcset=\"https:\/\/jfb-stiftung.de\/st-paulus-stift-herxheim\/wp-content\/uploads\/sites\/3\/2022\/04\/Osterhase-buddelt_Website-1000x750.jpg 1000w, https:\/\/jfb-stiftung.de\/st-paulus-stift-herxheim\/wp-content\/uploads\/sites\/3\/2022\/04\/Osterhase-buddelt_Website-1500x1125.jpg 1500w, https:\/\/jfb-stiftung.de\/st-paulus-stift-herxheim\/wp-content\/uploads\/sites\/3\/2022\/04\/Osterhase-buddelt_Website-768x576.jpg 768w, https:\/\/jfb-stiftung.de\/st-paulus-stift-herxheim\/wp-content\/uploads\/sites\/3\/2022\/04\/Osterhase-buddelt_Website-1536x1152.jpg 1536w, https:\/\/jfb-stiftung.de\/st-paulus-stift-herxheim\/wp-content\/uploads\/sites\/3\/2022\/04\/Osterhase-buddelt_Website.jpg 2000w\" sizes=\"(max-width: 685px) 100vw, 685px\" \/><\/p>\n","protected":false},"excerpt":{"rendered":"<p>Egal wo man im St. Paulus Stift hinschaut, \u00fcberall entdeckt man wunderbare Osterdeko. Zusammen mit den Besucher*innen der Tagesf\u00f6rderst\u00e4tte haben Mitarbeiter*innen allerlei gebastelt und gewerkelt und im ganzen Haus verteilt. \u2026<\/p>\n","protected":false},"author":2,"featured_media":4043,"comment_status":"closed","ping_status":"closed","sticky":false,"template":"","format":"standard","meta":{"_acf_changed":false,"footnotes":""},"categories":[32],"tags":[],"class_list":["post-4040","post","type-post","status-publish","format-standard","has-post-thumbnail","hentry","category-st-paulus-stift-herxheim-news"],"acf":[],"publishpress_future_action":{"enabled":false,"date":"2026-05-04 08:43:18","action":"change-status","newStatus":"draft","terms":[],"taxonomy":"category","extraData":[]},"publishpress_future_workflow_manual_trigger":{"enabledWorkflows":[]},"_links":{"self":[{"href":"https:\/\/jfb-stiftung.de\/st-paulus-stift-herxheim\/wp-json\/wp\/v2\/posts\/4040","targetHints":{"allow":["GET"]}}],"collection":[{"href":"https:\/\/jfb-stiftung.de\/st-paulus-stift-herxheim\/wp-json\/wp\/v2\/posts"}],"about":[{"href":"https:\/\/jfb-stiftung.de\/st-paulus-stift-herxheim\/wp-json\/wp\/v2\/types\/post"}],"author":[{"embeddable":true,"href":"https:\/\/jfb-stiftung.de\/st-paulus-stift-herxheim\/wp-json\/wp\/v2\/users\/2"}],"replies":[{"embeddable":true,"href":"https:\/\/jfb-stiftung.de\/st-paulus-stift-herxheim\/wp-json\/wp\/v2\/comments?post=4040"}],"version-history":[{"count":0,"href":"https:\/\/jfb-stiftung.de\/st-paulus-stift-herxheim\/wp-json\/wp\/v2\/posts\/4040\/revisions"}],"wp:featuredmedia":[{"embeddable":true,"href":"https:\/\/jfb-stiftung.de\/st-paulus-stift-herxheim\/wp-json\/wp\/v2\/media\/4043"}],"wp:attachment":[{"href":"https:\/\/jfb-stiftung.de\/st-paulus-stift-herxheim\/wp-json\/wp\/v2\/media?parent=4040"}],"wp:term":[{"taxonomy":"category","embeddable":true,"href":"https:\/\/jfb-stiftung.de\/st-paulus-stift-herxheim\/wp-json\/wp\/v2\/categories?post=4040"},{"taxonomy":"post_tag","embeddable":true,"href":"https:\/\/jfb-stiftung.de\/st-paulus-stift-herxheim\/wp-json\/wp\/v2\/tags?post=4040"}],"curies":[{"name":"wp","href":"https:\/\/api.w.org\/{rel}","templated":true}]}}