{"id":3998,"date":"2022-02-28T12:11:29","date_gmt":"2022-02-28T11:11:29","guid":{"rendered":"https:\/\/jfb-stiftung.de\/st-paulus-stift-herxheim\/woche-der-inklusion-wir-sind-dabei\/"},"modified":"2022-02-28T12:13:42","modified_gmt":"2022-02-28T11:13:42","slug":"woche-der-inklusion-wir-sind-dabei","status":"publish","type":"post","link":"https:\/\/jfb-stiftung.de\/st-paulus-stift-herxheim\/woche-der-inklusion-wir-sind-dabei\/","title":{"rendered":"Woche der Inklusion &#8211; wir sind dabei"},"content":{"rendered":"<p>Das Bistum Speyer veranstaltet in der Woche vom 01.05.2022 bis zum 08.05.2022 erstmals die Woche der Inklusion. Angeboten werden zahlreiche inklusive Aktionen und Workshops, bei der alle Menschen herzlich zum Mitmachen eingeladen sind. Auch wir vom St. Paulus Stift Herxheim sind mit dabei und bieten einen Trommelworkshop f\u00fcr Menschen mit und ohne Behinderung an. Unter dem Motto &#8222;Beat it!&#8220; haben unsere beiden Musiktherapeutinnen ein tolles Programm auf die Beine gestellt. Neben dem gemeinsamen Trommeln soll es auch zwischendurch eine Klangreise zum Tr\u00e4umen und Entspannen geben. Der Workshop findet am 7. Mai von 15 bis 17 Uhr statt. Weitere Infos zu Anmeldung und Co. findet Ihr im <a href=\"https:\/\/jfb-stiftung.de\/wp-content\/uploads\/2022\/02\/Beat-itTrommelworkshop.pdf\" target=\"_blank\" rel=\"noopener\">Flyer<\/a> oder f\u00fcr alle Veranstaltungen des Bistums Speyer unter <a href=\"http:\/\/www.wochederinklusion-speyer.de\" target=\"_blank\" rel=\"noopener nofollow\">www.wochederinklusion-speyer.de<\/a> . Selbstverst\u00e4ndlich sind alle Veranstaltungsorte barrierefrei und werden nat\u00fcrlich auch inklusiv angeboten. Offiziell er\u00f6ffnet wird die Woche der Inklusion am 1. Mai durch einen gemeinsamen Er\u00f6ffnungsgottesdienst in Speyer.<\/p>\n","protected":false},"excerpt":{"rendered":"<p>Das Bistum Speyer veranstaltet in der Woche vom 01.05.2022 bis zum 08.05.2022 erstmals die Woche der Inklusion. Angeboten werden zahlreiche inklusive Aktionen und Workshops, bei der alle Menschen herzlich zum \u2026<\/p>\n","protected":false},"author":2,"featured_media":4001,"comment_status":"closed","ping_status":"closed","sticky":false,"template":"","format":"standard","meta":{"_acf_changed":false,"footnotes":""},"categories":[32],"tags":[],"class_list":["post-3998","post","type-post","status-publish","format-standard","has-post-thumbnail","hentry","category-st-paulus-stift-herxheim-news"],"acf":[],"publishpress_future_action":{"enabled":false,"date":"2026-05-04 08:44:50","action":"change-status","newStatus":"draft","terms":[],"taxonomy":"category","extraData":[]},"publishpress_future_workflow_manual_trigger":{"enabledWorkflows":[]},"_links":{"self":[{"href":"https:\/\/jfb-stiftung.de\/st-paulus-stift-herxheim\/wp-json\/wp\/v2\/posts\/3998","targetHints":{"allow":["GET"]}}],"collection":[{"href":"https:\/\/jfb-stiftung.de\/st-paulus-stift-herxheim\/wp-json\/wp\/v2\/posts"}],"about":[{"href":"https:\/\/jfb-stiftung.de\/st-paulus-stift-herxheim\/wp-json\/wp\/v2\/types\/post"}],"author":[{"embeddable":true,"href":"https:\/\/jfb-stiftung.de\/st-paulus-stift-herxheim\/wp-json\/wp\/v2\/users\/2"}],"replies":[{"embeddable":true,"href":"https:\/\/jfb-stiftung.de\/st-paulus-stift-herxheim\/wp-json\/wp\/v2\/comments?post=3998"}],"version-history":[{"count":0,"href":"https:\/\/jfb-stiftung.de\/st-paulus-stift-herxheim\/wp-json\/wp\/v2\/posts\/3998\/revisions"}],"wp:featuredmedia":[{"embeddable":true,"href":"https:\/\/jfb-stiftung.de\/st-paulus-stift-herxheim\/wp-json\/wp\/v2\/media\/4001"}],"wp:attachment":[{"href":"https:\/\/jfb-stiftung.de\/st-paulus-stift-herxheim\/wp-json\/wp\/v2\/media?parent=3998"}],"wp:term":[{"taxonomy":"category","embeddable":true,"href":"https:\/\/jfb-stiftung.de\/st-paulus-stift-herxheim\/wp-json\/wp\/v2\/categories?post=3998"},{"taxonomy":"post_tag","embeddable":true,"href":"https:\/\/jfb-stiftung.de\/st-paulus-stift-herxheim\/wp-json\/wp\/v2\/tags?post=3998"}],"curies":[{"name":"wp","href":"https:\/\/api.w.org\/{rel}","templated":true}]}}