{"id":3990,"date":"2022-02-28T10:21:58","date_gmt":"2022-02-28T09:21:58","guid":{"rendered":"https:\/\/jfb-stiftung.de\/st-paulus-stift-herxheim\/leckere-teilchen-fuer-alle\/"},"modified":"2022-03-01T12:12:54","modified_gmt":"2022-03-01T11:12:54","slug":"leckere-teilchen-fuer-alle","status":"publish","type":"post","link":"https:\/\/jfb-stiftung.de\/st-paulus-stift-herxheim\/leckere-teilchen-fuer-alle\/","title":{"rendered":"Leckere Teilchen f\u00fcr alle"},"content":{"rendered":"<p>Ein gro\u00dfes Fr\u00fchst\u00fcck als Dank f\u00fcr das gro\u00dfe Engagement aller Mitarbeiter*innen in der langen Zeit der Corona-Pandemie w\u00fcrde k\u00fcrzlich auf alle Wohngruppen und in alle B\u00fcros geliefert. Die prall gef\u00fcllten Tabletts mit den leckersten s\u00fc\u00dfen und auch salzigen Geb\u00e4ckst\u00fccken soll die Wertsch\u00e4tzung von Seiten der Gesch\u00e4ftsleitung gegen\u00fcber dem unerm\u00fcdlichen Einsatz der Mitarbeiter*innen des St. Paulus Stifts zum Ausdruck bringen. Mit einer kleinen Karte versehen in der angemerkt wurde, dass der Dienst unter Coronabedinungen kein Zuckerschlecken ist, sollte dem Dank der Gesch\u00e4ftsleitung an alle Mitarbeiter*innen nochmals Nachdruck verliehen werden. Gesch\u00e4ftsbereichsleiterin Natascha Lettner: \u201eWir sind froh und dankbar, dass wir hier bei uns in Herxheim solch tolle Mitarbeiterteams haben, die alle gesetzlichen und internen Vorgaben w\u00e4hrend der Pandemie so gut und sicher umgesetzt haben &#8211; hierf\u00fcr wollten wir uns recht herzlich bedanken. Wir sind stolz darauf, dass sich alle jeden Tag aufs Neue bem\u00fchen zum Wohle der uns anvertrauten Menschen zu handeln und, dass trotz aller Einschr\u00e4nkungen und Reglementierungen die W\u00e4rme und auch N\u00e4he (nur auf eine andere Art und Weise) nicht zu kurz kommen.&#8220;<\/p>\n<p><img fetchpriority=\"high\" decoding=\"async\" class=\"alignnone wp-image-3992 aligncenter\" src=\"https:\/\/jfb-stiftung.de\/st-paulus-stift-herxheim\/wp-content\/uploads\/sites\/3\/2022\/02\/Suesses_salziges-Fruehstueck_HX-1000x615.jpg\" alt=\"\" width=\"665\" height=\"409\"><\/p>\n","protected":false},"excerpt":{"rendered":"<p>Ein gro\u00dfes Fr\u00fchst\u00fcck als Dank f\u00fcr das gro\u00dfe Engagement aller Mitarbeiter*innen in der langen Zeit der Corona-Pandemie w\u00fcrde k\u00fcrzlich auf alle Wohngruppen und in alle B\u00fcros geliefert. Die prall gef\u00fcllten \u2026<\/p>\n","protected":false},"author":2,"featured_media":3991,"comment_status":"closed","ping_status":"closed","sticky":false,"template":"","format":"standard","meta":{"_acf_changed":false,"footnotes":""},"categories":[32],"tags":[],"class_list":["post-3990","post","type-post","status-publish","format-standard","has-post-thumbnail","hentry","category-st-paulus-stift-herxheim-news"],"acf":[],"publishpress_future_action":{"enabled":false,"date":"2026-05-04 10:35:40","action":"change-status","newStatus":"draft","terms":[],"taxonomy":"category","extraData":[]},"publishpress_future_workflow_manual_trigger":{"enabledWorkflows":[]},"_links":{"self":[{"href":"https:\/\/jfb-stiftung.de\/st-paulus-stift-herxheim\/wp-json\/wp\/v2\/posts\/3990","targetHints":{"allow":["GET"]}}],"collection":[{"href":"https:\/\/jfb-stiftung.de\/st-paulus-stift-herxheim\/wp-json\/wp\/v2\/posts"}],"about":[{"href":"https:\/\/jfb-stiftung.de\/st-paulus-stift-herxheim\/wp-json\/wp\/v2\/types\/post"}],"author":[{"embeddable":true,"href":"https:\/\/jfb-stiftung.de\/st-paulus-stift-herxheim\/wp-json\/wp\/v2\/users\/2"}],"replies":[{"embeddable":true,"href":"https:\/\/jfb-stiftung.de\/st-paulus-stift-herxheim\/wp-json\/wp\/v2\/comments?post=3990"}],"version-history":[{"count":0,"href":"https:\/\/jfb-stiftung.de\/st-paulus-stift-herxheim\/wp-json\/wp\/v2\/posts\/3990\/revisions"}],"wp:featuredmedia":[{"embeddable":true,"href":"https:\/\/jfb-stiftung.de\/st-paulus-stift-herxheim\/wp-json\/wp\/v2\/media\/3991"}],"wp:attachment":[{"href":"https:\/\/jfb-stiftung.de\/st-paulus-stift-herxheim\/wp-json\/wp\/v2\/media?parent=3990"}],"wp:term":[{"taxonomy":"category","embeddable":true,"href":"https:\/\/jfb-stiftung.de\/st-paulus-stift-herxheim\/wp-json\/wp\/v2\/categories?post=3990"},{"taxonomy":"post_tag","embeddable":true,"href":"https:\/\/jfb-stiftung.de\/st-paulus-stift-herxheim\/wp-json\/wp\/v2\/tags?post=3990"}],"curies":[{"name":"wp","href":"https:\/\/api.w.org\/{rel}","templated":true}]}}