{"id":3971,"date":"2022-02-18T11:54:34","date_gmt":"2022-02-18T10:54:34","guid":{"rendered":"https:\/\/jfb-stiftung.de\/st-paulus-stift-herxheim\/mit-abstand-die-besten-mitarbeiterinnen\/"},"modified":"2022-02-18T12:07:10","modified_gmt":"2022-02-18T11:07:10","slug":"mit-abstand-die-besten-mitarbeiterinnen","status":"publish","type":"post","link":"https:\/\/jfb-stiftung.de\/st-paulus-stift-herxheim\/mit-abstand-die-besten-mitarbeiterinnen\/","title":{"rendered":"Mit Abstand die besten Mitarbeiter*innen&#8230;"},"content":{"rendered":"<p>&#8230;haben sich eine kleine Aufmerksamkeit mehr als verdient. Durch die Omikron-Welle gab es vielfach Personalausfall, den alle \u00dcbrigen abfangen mussten. \u201eViele Mitarbeiter*innen haben in der Zeit der Corona-Pandemie und auch jetzt nochmal in der Omikron-Welle unerm\u00fcdlichen Einsatz und Engagement gezeigt&#8220;, wei\u00df Gesch\u00e4ftsbereichsleiterin Natascha Lettner. \u201eMit dieser kleinen Geste in Form von Obstk\u00f6rben wollen wir unseren Mitarbeiter*innen einfach etwas Gutes tun.&#8220; Dank dem Einsatz der K\u00fcchenmitarbeiter*innen und der Hauswirtschaftsleitung gab es heute f\u00fcr alle Mitarbeiter*innen in der Betreuung einen solchen Obstkorb mit einer kleinen Karte dazu. \u201eWir hoffen, wir haben allen eine kleine Freude gemacht und die zus\u00e4tzlichen Vitamine sorgen f\u00fcr einen kleinen Stimmungsaufheller in dieser schweren Zeit.&#8220;<\/p>\n<p><img fetchpriority=\"high\" decoding=\"async\" class=\"wp-image-3974 alignleft\" src=\"https:\/\/jfb-stiftung.de\/st-paulus-stift-herxheim\/wp-content\/uploads\/sites\/3\/2022\/02\/Obst_Nah-HX--1000x750.jpg\" alt=\"\" width=\"339\" height=\"254\" srcset=\"https:\/\/jfb-stiftung.de\/st-paulus-stift-herxheim\/wp-content\/uploads\/sites\/3\/2022\/02\/Obst_Nah-HX--1000x750.jpg 1000w, https:\/\/jfb-stiftung.de\/st-paulus-stift-herxheim\/wp-content\/uploads\/sites\/3\/2022\/02\/Obst_Nah-HX--768x576.jpg 768w, https:\/\/jfb-stiftung.de\/st-paulus-stift-herxheim\/wp-content\/uploads\/sites\/3\/2022\/02\/Obst_Nah-HX-.jpg 1250w\" sizes=\"(max-width: 339px) 100vw, 339px\" \/><img decoding=\"async\" class=\"wp-image-3972 alignleft\" src=\"https:\/\/jfb-stiftung.de\/st-paulus-stift-herxheim\/wp-content\/uploads\/sites\/3\/2022\/02\/Obstkorb_HX-1000x750.jpg\" alt=\"\" width=\"338\" height=\"254\" srcset=\"https:\/\/jfb-stiftung.de\/st-paulus-stift-herxheim\/wp-content\/uploads\/sites\/3\/2022\/02\/Obstkorb_HX-1000x750.jpg 1000w, https:\/\/jfb-stiftung.de\/st-paulus-stift-herxheim\/wp-content\/uploads\/sites\/3\/2022\/02\/Obstkorb_HX-768x576.jpg 768w, https:\/\/jfb-stiftung.de\/st-paulus-stift-herxheim\/wp-content\/uploads\/sites\/3\/2022\/02\/Obstkorb_HX.jpg 1250w\" sizes=\"(max-width: 338px) 100vw, 338px\" \/><img decoding=\"async\" class=\"wp-image-3978 alignleft\" src=\"https:\/\/jfb-stiftung.de\/st-paulus-stift-herxheim\/wp-content\/uploads\/sites\/3\/2022\/02\/Smiley_Obstkorb-1000x750.jpg\" alt=\"\" width=\"336\" height=\"252\" srcset=\"https:\/\/jfb-stiftung.de\/st-paulus-stift-herxheim\/wp-content\/uploads\/sites\/3\/2022\/02\/Smiley_Obstkorb-1000x750.jpg 1000w, https:\/\/jfb-stiftung.de\/st-paulus-stift-herxheim\/wp-content\/uploads\/sites\/3\/2022\/02\/Smiley_Obstkorb-768x576.jpg 768w, https:\/\/jfb-stiftung.de\/st-paulus-stift-herxheim\/wp-content\/uploads\/sites\/3\/2022\/02\/Smiley_Obstkorb.jpg 1250w\" sizes=\"(max-width: 336px) 100vw, 336px\" \/><\/p>\n","protected":false},"excerpt":{"rendered":"<p>&#8230;haben sich eine kleine Aufmerksamkeit mehr als verdient. Durch die Omikron-Welle gab es vielfach Personalausfall, den alle \u00dcbrigen abfangen mussten. \u201eViele Mitarbeiter*innen haben in der Zeit der Corona-Pandemie und auch \u2026<\/p>\n","protected":false},"author":2,"featured_media":3975,"comment_status":"closed","ping_status":"closed","sticky":false,"template":"","format":"standard","meta":{"_acf_changed":false,"footnotes":""},"categories":[32],"tags":[],"class_list":["post-3971","post","type-post","status-publish","format-standard","has-post-thumbnail","hentry","category-st-paulus-stift-herxheim-news"],"acf":[],"publishpress_future_action":{"enabled":false,"date":"2026-05-04 10:34:38","action":"change-status","newStatus":"draft","terms":[],"taxonomy":"category","extraData":[]},"publishpress_future_workflow_manual_trigger":{"enabledWorkflows":[]},"_links":{"self":[{"href":"https:\/\/jfb-stiftung.de\/st-paulus-stift-herxheim\/wp-json\/wp\/v2\/posts\/3971","targetHints":{"allow":["GET"]}}],"collection":[{"href":"https:\/\/jfb-stiftung.de\/st-paulus-stift-herxheim\/wp-json\/wp\/v2\/posts"}],"about":[{"href":"https:\/\/jfb-stiftung.de\/st-paulus-stift-herxheim\/wp-json\/wp\/v2\/types\/post"}],"author":[{"embeddable":true,"href":"https:\/\/jfb-stiftung.de\/st-paulus-stift-herxheim\/wp-json\/wp\/v2\/users\/2"}],"replies":[{"embeddable":true,"href":"https:\/\/jfb-stiftung.de\/st-paulus-stift-herxheim\/wp-json\/wp\/v2\/comments?post=3971"}],"version-history":[{"count":0,"href":"https:\/\/jfb-stiftung.de\/st-paulus-stift-herxheim\/wp-json\/wp\/v2\/posts\/3971\/revisions"}],"wp:featuredmedia":[{"embeddable":true,"href":"https:\/\/jfb-stiftung.de\/st-paulus-stift-herxheim\/wp-json\/wp\/v2\/media\/3975"}],"wp:attachment":[{"href":"https:\/\/jfb-stiftung.de\/st-paulus-stift-herxheim\/wp-json\/wp\/v2\/media?parent=3971"}],"wp:term":[{"taxonomy":"category","embeddable":true,"href":"https:\/\/jfb-stiftung.de\/st-paulus-stift-herxheim\/wp-json\/wp\/v2\/categories?post=3971"},{"taxonomy":"post_tag","embeddable":true,"href":"https:\/\/jfb-stiftung.de\/st-paulus-stift-herxheim\/wp-json\/wp\/v2\/tags?post=3971"}],"curies":[{"name":"wp","href":"https:\/\/api.w.org\/{rel}","templated":true}]}}