{"id":3923,"date":"2022-02-03T11:26:51","date_gmt":"2022-02-03T10:26:51","guid":{"rendered":"https:\/\/jfb-stiftung.de\/st-paulus-stift-herxheim\/kreativprojekt-prinzessin-pauline\/"},"modified":"2022-02-03T11:29:19","modified_gmt":"2022-02-03T10:29:19","slug":"kreativprojekt-prinzessin-pauline","status":"publish","type":"post","link":"https:\/\/jfb-stiftung.de\/st-paulus-stift-herxheim\/kreativprojekt-prinzessin-pauline\/","title":{"rendered":"Kreativprojekt: Prinzessin Pauline"},"content":{"rendered":"<p>In Zeiten der Corona-Pandemie machten sich Mitarbeiter*innen der Tagesf\u00f6rderst\u00e4tte und auch auf den Wohngruppen des St. Paulus Stifts gemeinsam Gedanken wie kreative Kunstprojekte \u201ecoronakonform&#8220; weiterlaufen k\u00f6nnten. Neben zahlreichen kleineren Projekten, wie den \u201eGemeinschaftsm\u00e4nnchen&#8220;, der \u201eCorona-Schlange&#8220; oder dem \u201eCorona-Fresserchen&#8220; entstand Mitte letzten Jahres auch die Idee das Gemeinschaftsprojekt \u201ePrinzessin Pauline&#8220; zu starten. Eine gro\u00dfe Holzfigur in Form einer Prinzessin sollte angefertigt werden, die je nach Jahreszeit gemeinsam mit den Bewohnerinnen und Bewohnern geschm\u00fcckt werden sollte. M\u00f6glich gemacht wurde die Umsetzung auch durch das ehrenamtliche Engagement eines Schreiners, der die Figur zuschnitt und eines Druckers, der die passende Schablone lieferte. Jede*r Bewohner*in konnte zum Start des Projekts eine \u201eHoffnungsbl\u00fcte&#8220; basteln und damit den Rock der Holz-Puppe versch\u00f6nern. So entstand am Ende eine bunt geschm\u00fcckte Prinzessin, die den Menschen im St. Paulus Stift durch ihr farbenfrohes Gewand sehr viel Freude bereitete. Im Herbst und im Winter wurde sie ebenfalls umdekoriert und jetzt zur Faschingszeit erscheint \u201ePauline&#8220; verkleidet als edle Dame. Je nach Jahreszeit wird \u201ePrinzessin Pauline&#8220; kreativ und originell geschm\u00fcckt und sorgt durch ihre originellen Outfits f\u00fcr Freude und Abwechslung im St. Paulus Stift. Nicht nur wir, sondern auch die Bewohnnerinnen und Bewohner sind gespannt, was \u201eSie&#8220; als n\u00e4chstes tragen wird.<\/p>\n","protected":false},"excerpt":{"rendered":"<p>In Zeiten der Corona-Pandemie machten sich Mitarbeiter*innen der Tagesf\u00f6rderst\u00e4tte und auch auf den Wohngruppen des St. Paulus Stifts gemeinsam Gedanken wie kreative Kunstprojekte \u201ecoronakonform&#8220; weiterlaufen k\u00f6nnten. Neben zahlreichen kleineren Projekten, \u2026<\/p>\n","protected":false},"author":2,"featured_media":3924,"comment_status":"closed","ping_status":"closed","sticky":false,"template":"","format":"standard","meta":{"_acf_changed":false,"footnotes":""},"categories":[32],"tags":[],"class_list":["post-3923","post","type-post","status-publish","format-standard","has-post-thumbnail","hentry","category-st-paulus-stift-herxheim-news"],"acf":[],"publishpress_future_action":{"enabled":false,"date":"2026-05-04 10:34:38","action":"change-status","newStatus":"draft","terms":[],"taxonomy":"category","extraData":[]},"publishpress_future_workflow_manual_trigger":{"enabledWorkflows":[]},"_links":{"self":[{"href":"https:\/\/jfb-stiftung.de\/st-paulus-stift-herxheim\/wp-json\/wp\/v2\/posts\/3923","targetHints":{"allow":["GET"]}}],"collection":[{"href":"https:\/\/jfb-stiftung.de\/st-paulus-stift-herxheim\/wp-json\/wp\/v2\/posts"}],"about":[{"href":"https:\/\/jfb-stiftung.de\/st-paulus-stift-herxheim\/wp-json\/wp\/v2\/types\/post"}],"author":[{"embeddable":true,"href":"https:\/\/jfb-stiftung.de\/st-paulus-stift-herxheim\/wp-json\/wp\/v2\/users\/2"}],"replies":[{"embeddable":true,"href":"https:\/\/jfb-stiftung.de\/st-paulus-stift-herxheim\/wp-json\/wp\/v2\/comments?post=3923"}],"version-history":[{"count":0,"href":"https:\/\/jfb-stiftung.de\/st-paulus-stift-herxheim\/wp-json\/wp\/v2\/posts\/3923\/revisions"}],"wp:featuredmedia":[{"embeddable":true,"href":"https:\/\/jfb-stiftung.de\/st-paulus-stift-herxheim\/wp-json\/wp\/v2\/media\/3924"}],"wp:attachment":[{"href":"https:\/\/jfb-stiftung.de\/st-paulus-stift-herxheim\/wp-json\/wp\/v2\/media?parent=3923"}],"wp:term":[{"taxonomy":"category","embeddable":true,"href":"https:\/\/jfb-stiftung.de\/st-paulus-stift-herxheim\/wp-json\/wp\/v2\/categories?post=3923"},{"taxonomy":"post_tag","embeddable":true,"href":"https:\/\/jfb-stiftung.de\/st-paulus-stift-herxheim\/wp-json\/wp\/v2\/tags?post=3923"}],"curies":[{"name":"wp","href":"https:\/\/api.w.org\/{rel}","templated":true}]}}