{"id":3815,"date":"2021-12-04T17:24:52","date_gmt":"2021-12-04T16:24:52","guid":{"rendered":"https:\/\/jfb-stiftung.de\/st-paulus-stift-herxheim\/booster-impfung-im-st-paulus-stift-herxheim\/"},"modified":"2021-12-07T09:00:29","modified_gmt":"2021-12-07T08:00:29","slug":"booster-impfung-im-st-paulus-stift-herxheim","status":"publish","type":"post","link":"https:\/\/jfb-stiftung.de\/st-paulus-stift-herxheim\/booster-impfung-im-st-paulus-stift-herxheim\/","title":{"rendered":"Booster-Impfung im St. Paulus Stift Herxheim"},"content":{"rendered":"<p>265 Mitarbeiter*innen und Bewohner*innen des St. Paulus Stift Herxheim erhielten am Samstag (4.12) ihre dritte Auffrischungsimpfung. Das 37-k\u00f6pfige Mobile Impfteam des Deutschen Roten Kreuzes, versorgte alle schnell und professionell mit der Booster-Impfung. Aufgrund der aktuellen Infektionslage nahmen die Mitarbeiter*innen des DRK-Impfteams die Impfung der Bewohner*innen auf den 15 Wohngruppen jeweils f\u00fcr jede Gruppe einzeln vor. Unterdessen wurden die Hygiene- und Schutzma\u00dfnahmen zum Schutz der Menschen, die im St. Paulus Stift leben, weiter verst\u00e4rkt. Alle Mitarbeiter*innen, gleich welchen Impfstatus diese haben, f\u00fchren vor Dienstbeginn einen Schnelltest durch, um so eine Infektion fr\u00fchzeitig erkennen zu k\u00f6nnen und eine m\u00f6gliche Ansteckung zu verhindern. Zudem tragen alle Mitarbeiter*innen durchg\u00e4ngig FFP2-Masken, sowie bei n\u00e4herem Kontakt mit den Menschen Schutzbrille und Handschuhe. Die car. p\u00e4d. Vorst\u00e4ndin Bettina Rieger lobt das Durchhalteverm\u00f6gen und den Einsatz der Mitarbeiter*innen in dieser oft schwierigen Pandemiezeit: \u201eDie gute Dienstgemeinschaft und kollegiale Zusammenarbeit haben uns bisher vor schlimmen Infektionsketten bewahrt. Die Leistungen der Mitarbeiter*innen in dieser Zeit sind gar nicht hoch genug zu werten. F\u00fcr deren tagt\u00e4glichen Einsatz m\u00f6chte ich mich recht herzlich bedanken.&#8220; Der Dank gilt auch dem Impfteam um Leiter Oliver Bartelt, welches, wie bereits in der Vergangenheit, am Samstag wieder hervorragende Arbeit geleistet hat.<\/p>\n","protected":false},"excerpt":{"rendered":"<p>265 Mitarbeiter*innen und Bewohner*innen des St. Paulus Stift Herxheim erhielten am Samstag (4.12) ihre dritte Auffrischungsimpfung. Das 37-k\u00f6pfige Mobile Impfteam des Deutschen Roten Kreuzes, versorgte alle schnell und professionell mit \u2026<\/p>\n","protected":false},"author":2,"featured_media":3816,"comment_status":"closed","ping_status":"closed","sticky":false,"template":"","format":"standard","meta":{"_acf_changed":false,"footnotes":""},"categories":[32],"tags":[],"class_list":["post-3815","post","type-post","status-publish","format-standard","has-post-thumbnail","hentry","category-st-paulus-stift-herxheim-news"],"acf":[],"publishpress_future_action":{"enabled":false,"date":"2026-05-06 09:45:41","action":"change-status","newStatus":"draft","terms":[],"taxonomy":"category","extraData":[]},"publishpress_future_workflow_manual_trigger":{"enabledWorkflows":[]},"_links":{"self":[{"href":"https:\/\/jfb-stiftung.de\/st-paulus-stift-herxheim\/wp-json\/wp\/v2\/posts\/3815","targetHints":{"allow":["GET"]}}],"collection":[{"href":"https:\/\/jfb-stiftung.de\/st-paulus-stift-herxheim\/wp-json\/wp\/v2\/posts"}],"about":[{"href":"https:\/\/jfb-stiftung.de\/st-paulus-stift-herxheim\/wp-json\/wp\/v2\/types\/post"}],"author":[{"embeddable":true,"href":"https:\/\/jfb-stiftung.de\/st-paulus-stift-herxheim\/wp-json\/wp\/v2\/users\/2"}],"replies":[{"embeddable":true,"href":"https:\/\/jfb-stiftung.de\/st-paulus-stift-herxheim\/wp-json\/wp\/v2\/comments?post=3815"}],"version-history":[{"count":0,"href":"https:\/\/jfb-stiftung.de\/st-paulus-stift-herxheim\/wp-json\/wp\/v2\/posts\/3815\/revisions"}],"wp:featuredmedia":[{"embeddable":true,"href":"https:\/\/jfb-stiftung.de\/st-paulus-stift-herxheim\/wp-json\/wp\/v2\/media\/3816"}],"wp:attachment":[{"href":"https:\/\/jfb-stiftung.de\/st-paulus-stift-herxheim\/wp-json\/wp\/v2\/media?parent=3815"}],"wp:term":[{"taxonomy":"category","embeddable":true,"href":"https:\/\/jfb-stiftung.de\/st-paulus-stift-herxheim\/wp-json\/wp\/v2\/categories?post=3815"},{"taxonomy":"post_tag","embeddable":true,"href":"https:\/\/jfb-stiftung.de\/st-paulus-stift-herxheim\/wp-json\/wp\/v2\/tags?post=3815"}],"curies":[{"name":"wp","href":"https:\/\/api.w.org\/{rel}","templated":true}]}}