{"id":3560,"date":"2021-10-25T11:50:29","date_gmt":"2021-10-25T09:50:29","guid":{"rendered":"https:\/\/jfb-stiftung.de\/st-paulus-stift-herxheim\/innenhof-wird-zu-kleiner-konzertbuehne-kultuskapelle-hayna-sorgt-fuer-stimmung-im-st-paulus-stift-herxheim-copy\/"},"modified":"2021-10-25T12:09:32","modified_gmt":"2021-10-25T10:09:32","slug":"erntedank-gottesdienst-unter-freiem-himmel","status":"publish","type":"post","link":"https:\/\/jfb-stiftung.de\/st-paulus-stift-herxheim\/erntedank-gottesdienst-unter-freiem-himmel\/","title":{"rendered":"Erntedank-Gottesdienst unter freiem Himmel"},"content":{"rendered":"<p>Mit Gesang, Gebet und einer besonderen \u00dcberraschung f\u00fcr jede Wohngruppe im St. Paulus Stift wurde im Innenhof ein Erntedank-Gottesdienst gefeiert. Die besondere \u00dcberraschung waren leckere Obstk\u00f6rbe f\u00fcr jede Wohngruppe, die feierlich von Pfarrer Roth \u00fcberreicht wurden. Zudem zauberte das K\u00fcchenteam f\u00fcr die Bewohner*innen eine schmackhafte Erntedank-Suppe zum Abendessen. Auch unter Einhaltung der g\u00e4ngigen Hygieneregeln (Maske tragen, Abstand halten, usw.) hatten die Menschen viel Spa\u00df beim diesj\u00e4hrigen Erntedank-Gottesdienst.<\/p>\n<p>&nbsp;<\/p>\n","protected":false},"excerpt":{"rendered":"<p>Mit Gesang, Gebet und einer besonderen \u00dcberraschung f\u00fcr jede Wohngruppe im St. Paulus Stift wurde im Innenhof ein Erntedank-Gottesdienst gefeiert. Die besondere \u00dcberraschung waren leckere Obstk\u00f6rbe f\u00fcr jede Wohngruppe, die \u2026<\/p>\n","protected":false},"author":2,"featured_media":3578,"comment_status":"closed","ping_status":"closed","sticky":false,"template":"","format":"standard","meta":{"_acf_changed":false,"footnotes":""},"categories":[32],"tags":[],"class_list":["post-3560","post","type-post","status-publish","format-standard","has-post-thumbnail","hentry","category-st-paulus-stift-herxheim-news"],"acf":[],"publishpress_future_action":{"enabled":false,"date":"2026-05-04 10:35:19","action":"change-status","newStatus":"draft","terms":[],"taxonomy":"category","extraData":[]},"publishpress_future_workflow_manual_trigger":{"enabledWorkflows":[]},"_links":{"self":[{"href":"https:\/\/jfb-stiftung.de\/st-paulus-stift-herxheim\/wp-json\/wp\/v2\/posts\/3560","targetHints":{"allow":["GET"]}}],"collection":[{"href":"https:\/\/jfb-stiftung.de\/st-paulus-stift-herxheim\/wp-json\/wp\/v2\/posts"}],"about":[{"href":"https:\/\/jfb-stiftung.de\/st-paulus-stift-herxheim\/wp-json\/wp\/v2\/types\/post"}],"author":[{"embeddable":true,"href":"https:\/\/jfb-stiftung.de\/st-paulus-stift-herxheim\/wp-json\/wp\/v2\/users\/2"}],"replies":[{"embeddable":true,"href":"https:\/\/jfb-stiftung.de\/st-paulus-stift-herxheim\/wp-json\/wp\/v2\/comments?post=3560"}],"version-history":[{"count":0,"href":"https:\/\/jfb-stiftung.de\/st-paulus-stift-herxheim\/wp-json\/wp\/v2\/posts\/3560\/revisions"}],"wp:featuredmedia":[{"embeddable":true,"href":"https:\/\/jfb-stiftung.de\/st-paulus-stift-herxheim\/wp-json\/wp\/v2\/media\/3578"}],"wp:attachment":[{"href":"https:\/\/jfb-stiftung.de\/st-paulus-stift-herxheim\/wp-json\/wp\/v2\/media?parent=3560"}],"wp:term":[{"taxonomy":"category","embeddable":true,"href":"https:\/\/jfb-stiftung.de\/st-paulus-stift-herxheim\/wp-json\/wp\/v2\/categories?post=3560"},{"taxonomy":"post_tag","embeddable":true,"href":"https:\/\/jfb-stiftung.de\/st-paulus-stift-herxheim\/wp-json\/wp\/v2\/tags?post=3560"}],"curies":[{"name":"wp","href":"https:\/\/api.w.org\/{rel}","templated":true}]}}