{"id":3208,"date":"2021-09-09T10:41:48","date_gmt":"2021-09-09T08:41:48","guid":{"rendered":"https:\/\/jfb-stiftung.de\/st-paulus-stift-herxheim\/innenhof-wird-zu-kleiner-konzertbuehne-kultuskapelle-hayna-sorgt-fuer-stimmung-im-st-paulus-stift-herxheim\/"},"modified":"2021-09-09T11:32:54","modified_gmt":"2021-09-09T09:32:54","slug":"innenhof-wird-zu-kleiner-konzertbuehne-kultuskapelle-hayna-sorgt-fuer-stimmung-im-st-paulus-stift-herxheim","status":"publish","type":"post","link":"https:\/\/jfb-stiftung.de\/st-paulus-stift-herxheim\/innenhof-wird-zu-kleiner-konzertbuehne-kultuskapelle-hayna-sorgt-fuer-stimmung-im-st-paulus-stift-herxheim\/","title":{"rendered":"Innenhof wird zu kleiner Konzertb\u00fchne: Kultuskapelle Hayna sorgt f\u00fcr Stimmung im St. Paulus Stift Herxheim"},"content":{"rendered":"<p>\u00dcber das abwechslungsreiche musikalische Mini-Konzert freuten sich am Freitag, den 3.9.2021 rund 50 Bewohnerinnen und Bewohner des St. Paulus Stifts. Bei sch\u00f6nstem Wetter unter freiem Himmel und unter Einhaltung der g\u00e4ngigen Hygiene- und Abstandsregeln wurde geklatscht, getanzt, mitgewippt oder gleich mitgesungen. Die Stimmung war ausgelassen, fr\u00f6hlich \u2013 kurz gesagt: Einfach nur gut. \u201eWir spielen was gef\u00e4llt\u201c, lautete das Credo der Kultuskapelle und das taten sie auch. Neben einem Potpourri von Polka bis Swing, gaben die etwa 20 Musikerinnen und Musiker auch Medleys aus 80er Hits oder Dauerbrenner wie Hits von Udo J\u00fcrgens zum Besten. Vor allem bei Udo J\u00fcrgens Hit \u201eMit 66 Jahren\u201c blieb kein Bein mehr still und es wurde mitgesungen was das Zeug hielt. Dirigent Markus Metz nahm alle Zuschauerinnen und Zuschauer mit und sorgte durch seine charismatische mitrei\u00dfende Art f\u00fcr zus\u00e4tzliche Stimmung unter den Zuschauerinnen und Zuschauern. Gesch\u00e4ftsbereichsleiterin des St. Paulus Stifts, Frau Natascha Lettner, m\u00f6chte sich auf diesem Wege nochmal recht herzlich bei allen Beteiligten f\u00fcr dieses kostenlose Konzert bedanken. \u201eDie Musikerinnen und Musiker der Kultuskapelle Hayna haben uns mit dieser musikalischen Unterhaltung eine gro\u00dfe Freude gemacht\u201c, meint Lettner.<\/p>\n<p>M\u00f6glich gemacht wurde dieses sch\u00f6ne Konzert auch durch die Teilnahme der Kultuskapelle an einem F\u00f6rderprogramm des Landes Rheinland-Pfalz mit dem Namen \u201eNeustart Amateurmusik\u201c, wei\u00df Vera Wingerter, die im Vorfeld f\u00fcr die Organisation des Konzerts zust\u00e4ndig war. Durch verschiedene Neuanschaffungen kann der Verein nun coronakonform seine Proben abhalten und auch wieder kleine Konzerte anbieten. Der soziale Aspekt ist den Vereinsmitgliedern wichtig, so dass sich neben den Bewohnerinnen und Bewohnern des St. Paulus Stifts zuvor auch einige Seniorinnen und Senioren des ortsans\u00e4ssigen Altenheims \u00fcber ein Konzert freuen durften. Die Kultuskapelle Hayna war zum ersten Mal im St. Paulus Stift zu Gast, alle hoffen, nicht das letzte Mal.<\/p>\n<p><img fetchpriority=\"high\" decoding=\"async\" class=\"wp-image-3237 aligncenter\" src=\"https:\/\/jfb-stiftung.de\/st-paulus-stift-herxheim\/wp-content\/uploads\/sites\/3\/2021\/09\/Blaskonzert-III_WS-728x1000.jpg\" alt=\"\" width=\"352\" height=\"483\" srcset=\"https:\/\/jfb-stiftung.de\/st-paulus-stift-herxheim\/wp-content\/uploads\/sites\/3\/2021\/09\/Blaskonzert-III_WS-728x1000.jpg 728w, https:\/\/jfb-stiftung.de\/st-paulus-stift-herxheim\/wp-content\/uploads\/sites\/3\/2021\/09\/Blaskonzert-III_WS-874x1200.jpg 874w, https:\/\/jfb-stiftung.de\/st-paulus-stift-herxheim\/wp-content\/uploads\/sites\/3\/2021\/09\/Blaskonzert-III_WS-768x1055.jpg 768w, https:\/\/jfb-stiftung.de\/st-paulus-stift-herxheim\/wp-content\/uploads\/sites\/3\/2021\/09\/Blaskonzert-III_WS-1118x1536.jpg 1118w, https:\/\/jfb-stiftung.de\/st-paulus-stift-herxheim\/wp-content\/uploads\/sites\/3\/2021\/09\/Blaskonzert-III_WS.jpg 1488w\" sizes=\"(max-width: 352px) 100vw, 352px\" \/><\/p>\n","protected":false},"excerpt":{"rendered":"<p>\u00dcber das abwechslungsreiche musikalische Mini-Konzert freuten sich am Freitag, den 3.9.2021 rund 50 Bewohnerinnen und Bewohner des St. Paulus Stifts. Bei sch\u00f6nstem Wetter unter freiem Himmel und unter Einhaltung der \u2026<\/p>\n","protected":false},"author":2,"featured_media":3238,"comment_status":"closed","ping_status":"closed","sticky":false,"template":"","format":"standard","meta":{"_acf_changed":false,"footnotes":""},"categories":[32],"tags":[],"class_list":["post-3208","post","type-post","status-publish","format-standard","has-post-thumbnail","hentry","category-st-paulus-stift-herxheim-news"],"acf":[],"publishpress_future_action":{"enabled":false,"date":"2026-05-04 10:34:57","action":"change-status","newStatus":"draft","terms":[],"taxonomy":"category","extraData":[]},"publishpress_future_workflow_manual_trigger":{"enabledWorkflows":[]},"_links":{"self":[{"href":"https:\/\/jfb-stiftung.de\/st-paulus-stift-herxheim\/wp-json\/wp\/v2\/posts\/3208","targetHints":{"allow":["GET"]}}],"collection":[{"href":"https:\/\/jfb-stiftung.de\/st-paulus-stift-herxheim\/wp-json\/wp\/v2\/posts"}],"about":[{"href":"https:\/\/jfb-stiftung.de\/st-paulus-stift-herxheim\/wp-json\/wp\/v2\/types\/post"}],"author":[{"embeddable":true,"href":"https:\/\/jfb-stiftung.de\/st-paulus-stift-herxheim\/wp-json\/wp\/v2\/users\/2"}],"replies":[{"embeddable":true,"href":"https:\/\/jfb-stiftung.de\/st-paulus-stift-herxheim\/wp-json\/wp\/v2\/comments?post=3208"}],"version-history":[{"count":0,"href":"https:\/\/jfb-stiftung.de\/st-paulus-stift-herxheim\/wp-json\/wp\/v2\/posts\/3208\/revisions"}],"wp:featuredmedia":[{"embeddable":true,"href":"https:\/\/jfb-stiftung.de\/st-paulus-stift-herxheim\/wp-json\/wp\/v2\/media\/3238"}],"wp:attachment":[{"href":"https:\/\/jfb-stiftung.de\/st-paulus-stift-herxheim\/wp-json\/wp\/v2\/media?parent=3208"}],"wp:term":[{"taxonomy":"category","embeddable":true,"href":"https:\/\/jfb-stiftung.de\/st-paulus-stift-herxheim\/wp-json\/wp\/v2\/categories?post=3208"},{"taxonomy":"post_tag","embeddable":true,"href":"https:\/\/jfb-stiftung.de\/st-paulus-stift-herxheim\/wp-json\/wp\/v2\/tags?post=3208"}],"curies":[{"name":"wp","href":"https:\/\/api.w.org\/{rel}","templated":true}]}}