{"id":4906,"date":"2024-12-12T12:30:07","date_gmt":"2024-12-12T11:30:07","guid":{"rendered":"https:\/\/jfb-stiftung.de\/st-klara-altoetting\/erinnerungsfeier-fuer-verstorbene\/"},"modified":"2024-12-12T12:30:47","modified_gmt":"2024-12-12T11:30:47","slug":"erinnerungsfeier-fuer-verstorbene","status":"publish","type":"post","link":"https:\/\/jfb-stiftung.de\/st-klara-altoetting\/erinnerungsfeier-fuer-verstorbene\/","title":{"rendered":"Erinnerungsfeier f\u00fcr Verstorbene"},"content":{"rendered":"<p>Am 12. November 2024 fand im Klaraheim eine stimmungsvolle Erinnerungsfeier f\u00fcr alle verstorbenen Bewohner und G\u00e4ste des Altenheims und der tagespflege Alt\u00f6tting statt.\u00a0 Der Gottesdienst wurde von Herrn Pr\u00e4lat Mandel und dem evangelischen Pfarrer Herrn Thilo Neuhaus gestaltet. Musikalisch wurde die Erinnerungsfeier von der Neu\u00f6ttinger Saitenmusik ummalt. Gesch\u00e4ftsbereichsleiter Georg Sigl-Lehner las die Namen der Verstorbenen vor, gleichzeitig wurde f\u00fcr jeden eine kleine Kerze zur Erinnerung entz\u00fcndet.<\/p>\n<p>Anschlie\u00dfend wurden alle anwesenden Angeh\u00f6rigen und Bewohner sowie die G\u00e4ste aus der Tagespflege noch zum gem\u00fctlichen Beisammensein eingeladen. Bei Kaffee und Kuchen gab es wieder einigen Gespr\u00e4chsstoff. Musikalische Begleitung gab es vom Alt\u00f6ttinger Shanty Chor.<\/p>\n\n\t\t<style type=\"text\/css\">\n\t\t\t#gallery-1 {\n\t\t\t\tmargin: auto;\n\t\t\t}\n\t\t\t#gallery-1 .gallery-item {\n\t\t\t\tfloat: left;\n\t\t\t\tmargin-top: 10px;\n\t\t\t\ttext-align: center;\n\t\t\t\twidth: 50%;\n\t\t\t}\n\t\t\t#gallery-1 img {\n\t\t\t\tborder: 2px solid #cfcfcf;\n\t\t\t}\n\t\t\t#gallery-1 .gallery-caption {\n\t\t\t\tmargin-left: 0;\n\t\t\t}\n\t\t\t\/* see gallery_shortcode() in wp-includes\/media.php *\/\n\t\t<\/style>\n\t\t<div id='gallery-1' class='gallery galleryid-4906 gallery-columns-2 gallery-size-thumbnail'><dl class='gallery-item'>\n\t\t\t<dt class='gallery-icon landscape'>\n\t\t\t\t<a href='https:\/\/jfb-stiftung.de\/st-klara-altoetting\/erinnerungsfeier-fuer-verstorbene\/img_8332\/'><img fetchpriority=\"high\" decoding=\"async\" width=\"500\" height=\"500\" src=\"https:\/\/jfb-stiftung.de\/st-klara-altoetting\/wp-content\/uploads\/sites\/10\/2024\/12\/IMG_8332-scaled-500x500.jpg\" class=\"attachment-thumbnail size-thumbnail\" alt=\"\"><\/a>\n\t\t\t<\/dt><\/dl><dl class='gallery-item'>\n\t\t\t<dt class='gallery-icon landscape'>\n\t\t\t\t<a href='https:\/\/jfb-stiftung.de\/st-klara-altoetting\/erinnerungsfeier-fuer-verstorbene\/img_8347\/'><img decoding=\"async\" width=\"500\" height=\"500\" src=\"https:\/\/jfb-stiftung.de\/st-klara-altoetting\/wp-content\/uploads\/sites\/10\/2024\/12\/IMG_8347-scaled-500x500.jpg\" class=\"attachment-thumbnail size-thumbnail\" alt=\"\"><\/a>\n\t\t\t<\/dt><\/dl><br style=\"clear: both\" \/><dl class='gallery-item'>\n\t\t\t<dt class='gallery-icon landscape'>\n\t\t\t\t<a href='https:\/\/jfb-stiftung.de\/st-klara-altoetting\/erinnerungsfeier-fuer-verstorbene\/img_8351\/'><img decoding=\"async\" width=\"500\" height=\"500\" src=\"https:\/\/jfb-stiftung.de\/st-klara-altoetting\/wp-content\/uploads\/sites\/10\/2024\/12\/IMG_8351-scaled-500x500.jpg\" class=\"attachment-thumbnail size-thumbnail\" alt=\"\"><\/a>\n\t\t\t<\/dt><\/dl><dl class='gallery-item'>\n\t\t\t<dt class='gallery-icon landscape'>\n\t\t\t\t<a href='https:\/\/jfb-stiftung.de\/st-klara-altoetting\/erinnerungsfeier-fuer-verstorbene\/img_8357\/'><img loading=\"lazy\" decoding=\"async\" width=\"500\" height=\"500\" src=\"https:\/\/jfb-stiftung.de\/st-klara-altoetting\/wp-content\/uploads\/sites\/10\/2024\/12\/IMG_8357-scaled-500x500.jpg\" class=\"attachment-thumbnail size-thumbnail\" alt=\"\"><\/a>\n\t\t\t<\/dt><\/dl><br style=\"clear: both\" \/><dl class='gallery-item'>\n\t\t\t<dt class='gallery-icon landscape'>\n\t\t\t\t<a href='https:\/\/jfb-stiftung.de\/st-klara-altoetting\/erinnerungsfeier-fuer-verstorbene\/img_8359\/'><img loading=\"lazy\" decoding=\"async\" width=\"500\" height=\"500\" src=\"https:\/\/jfb-stiftung.de\/st-klara-altoetting\/wp-content\/uploads\/sites\/10\/2024\/12\/IMG_8359-scaled-500x500.jpg\" class=\"attachment-thumbnail size-thumbnail\" alt=\"\"><\/a>\n\t\t\t<\/dt><\/dl><dl class='gallery-item'>\n\t\t\t<dt class='gallery-icon landscape'>\n\t\t\t\t<a href='https:\/\/jfb-stiftung.de\/st-klara-altoetting\/erinnerungsfeier-fuer-verstorbene\/img_8361\/'><img loading=\"lazy\" decoding=\"async\" width=\"500\" height=\"500\" src=\"https:\/\/jfb-stiftung.de\/st-klara-altoetting\/wp-content\/uploads\/sites\/10\/2024\/12\/IMG_8361-scaled-500x500.jpg\" class=\"attachment-thumbnail size-thumbnail\" alt=\"\"><\/a>\n\t\t\t<\/dt><\/dl><br style=\"clear: both\" \/>\n\t\t<\/div>\n\n","protected":false},"excerpt":{"rendered":"<p>Am 12. November 2024 fand im Klaraheim eine stimmungsvolle Erinnerungsfeier f\u00fcr alle verstorbenen Bewohner und G\u00e4ste des Altenheims und der tagespflege Alt\u00f6tting statt.\u00a0 Der Gottesdienst wurde von Herrn Pr\u00e4lat Mandel \u2026<\/p>\n","protected":false},"author":19,"featured_media":4908,"comment_status":"closed","ping_status":"closed","sticky":false,"template":"","format":"standard","meta":{"_acf_changed":false,"footnotes":""},"categories":[32],"tags":[],"class_list":["post-4906","post","type-post","status-publish","format-standard","has-post-thumbnail","hentry","category-st-klara-altoetting-news"],"acf":[],"publishpress_future_action":{"enabled":false,"date":"2026-05-06 07:03:24","action":"change-status","newStatus":"draft","terms":[],"taxonomy":"category","extraData":[]},"publishpress_future_workflow_manual_trigger":{"enabledWorkflows":[]},"_links":{"self":[{"href":"https:\/\/jfb-stiftung.de\/st-klara-altoetting\/wp-json\/wp\/v2\/posts\/4906","targetHints":{"allow":["GET"]}}],"collection":[{"href":"https:\/\/jfb-stiftung.de\/st-klara-altoetting\/wp-json\/wp\/v2\/posts"}],"about":[{"href":"https:\/\/jfb-stiftung.de\/st-klara-altoetting\/wp-json\/wp\/v2\/types\/post"}],"author":[{"embeddable":true,"href":"https:\/\/jfb-stiftung.de\/st-klara-altoetting\/wp-json\/wp\/v2\/users\/19"}],"replies":[{"embeddable":true,"href":"https:\/\/jfb-stiftung.de\/st-klara-altoetting\/wp-json\/wp\/v2\/comments?post=4906"}],"version-history":[{"count":0,"href":"https:\/\/jfb-stiftung.de\/st-klara-altoetting\/wp-json\/wp\/v2\/posts\/4906\/revisions"}],"wp:featuredmedia":[{"embeddable":true,"href":"https:\/\/jfb-stiftung.de\/st-klara-altoetting\/wp-json\/wp\/v2\/media\/4908"}],"wp:attachment":[{"href":"https:\/\/jfb-stiftung.de\/st-klara-altoetting\/wp-json\/wp\/v2\/media?parent=4906"}],"wp:term":[{"taxonomy":"category","embeddable":true,"href":"https:\/\/jfb-stiftung.de\/st-klara-altoetting\/wp-json\/wp\/v2\/categories?post=4906"},{"taxonomy":"post_tag","embeddable":true,"href":"https:\/\/jfb-stiftung.de\/st-klara-altoetting\/wp-json\/wp\/v2\/tags?post=4906"}],"curies":[{"name":"wp","href":"https:\/\/api.w.org\/{rel}","templated":true}]}}