{"id":4863,"date":"2024-10-29T16:52:52","date_gmt":"2024-10-29T15:52:52","guid":{"rendered":"https:\/\/jfb-stiftung.de\/st-klara-altoetting\/oktoberfest-im-klaraheim\/"},"modified":"2024-11-21T14:04:39","modified_gmt":"2024-11-21T13:04:39","slug":"oktoberfest-im-klaraheim","status":"publish","type":"post","link":"https:\/\/jfb-stiftung.de\/st-klara-altoetting\/oktoberfest-im-klaraheim\/","title":{"rendered":"Oktoberfest im Klaraheim"},"content":{"rendered":"<p>Auf das Oktoberfest haben sich die Bewohner*innen des Alten- und Pflgeheims St. Klara Alt\u00f6tting besonders gefreut: Der Saal und die Tische waren festlich geschm\u00fcckt und die Stimmung bei allen Beteiligen bestens. Es gab k\u00f6stliche bayerische Schmankerl und der \u201eMusi Mane\u201c unterhielt die G\u00e4ste mit bayrischen Volksliedern und Evergreens zum Schunkeln. Ein Auftritt der Trachtenkinder vom Alt\u00f6ttinger Trachtenverein machte das Fest perfekt. Zum Abschluss legten die Buben noch einen flotten Schuhplattler aufs Parkett. Daf\u00fcr gab es von allen einen kr\u00e4ftigen Applaus!<\/p>\n\n\t\t<style type=\"text\/css\">\n\t\t\t#gallery-1 {\n\t\t\t\tmargin: auto;\n\t\t\t}\n\t\t\t#gallery-1 .gallery-item {\n\t\t\t\tfloat: left;\n\t\t\t\tmargin-top: 10px;\n\t\t\t\ttext-align: center;\n\t\t\t\twidth: 33%;\n\t\t\t}\n\t\t\t#gallery-1 img {\n\t\t\t\tborder: 2px solid #cfcfcf;\n\t\t\t}\n\t\t\t#gallery-1 .gallery-caption {\n\t\t\t\tmargin-left: 0;\n\t\t\t}\n\t\t\t\/* see gallery_shortcode() in wp-includes\/media.php *\/\n\t\t<\/style>\n\t\t<div id='gallery-1' class='gallery galleryid-4863 gallery-columns-3 gallery-size-thumbnail'><dl class='gallery-item'>\n\t\t\t<dt class='gallery-icon landscape'>\n\t\t\t\t<a href='https:\/\/jfb-stiftung.de\/st-klara-altoetting\/oktoberfest-im-klaraheim\/463366781_122121980852425416_7342034132511943933_n\/'><img fetchpriority=\"high\" decoding=\"async\" width=\"500\" height=\"395\" src=\"https:\/\/jfb-stiftung.de\/st-klara-altoetting\/wp-content\/uploads\/sites\/10\/2024\/11\/463366781_122121980852425416_7342034132511943933_n-500x395.jpg\" class=\"attachment-thumbnail size-thumbnail\" alt=\"\"><\/a>\n\t\t\t<\/dt><\/dl><dl class='gallery-item'>\n\t\t\t<dt class='gallery-icon landscape'>\n\t\t\t\t<a href='https:\/\/jfb-stiftung.de\/st-klara-altoetting\/oktoberfest-im-klaraheim\/463297718_122121984674425416_1556123000088208093_n\/'><img decoding=\"async\" width=\"500\" height=\"395\" src=\"https:\/\/jfb-stiftung.de\/st-klara-altoetting\/wp-content\/uploads\/sites\/10\/2024\/11\/463297718_122121984674425416_1556123000088208093_n-500x395.jpg\" class=\"attachment-thumbnail size-thumbnail\" alt=\"\"><\/a>\n\t\t\t<\/dt><\/dl><dl class='gallery-item'>\n\t\t\t<dt class='gallery-icon landscape'>\n\t\t\t\t<a href='https:\/\/jfb-stiftung.de\/st-klara-altoetting\/oktoberfest-im-klaraheim\/463683363_122121984536425416_7596866976035675005_n\/'><img decoding=\"async\" width=\"500\" height=\"395\" src=\"https:\/\/jfb-stiftung.de\/st-klara-altoetting\/wp-content\/uploads\/sites\/10\/2024\/11\/463683363_122121984536425416_7596866976035675005_n-500x395.jpg\" class=\"attachment-thumbnail size-thumbnail\" alt=\"\"><\/a>\n\t\t\t<\/dt><\/dl><br style=\"clear: both\" \/>\n\t\t<\/div>\n\n","protected":false},"excerpt":{"rendered":"<p>Auf das Oktoberfest haben sich die Bewohner*innen des Alten- und Pflgeheims St. Klara Alt\u00f6tting besonders gefreut: Der Saal und die Tische waren festlich geschm\u00fcckt und die Stimmung bei allen Beteiligen \u2026<\/p>\n","protected":false},"author":19,"featured_media":4864,"comment_status":"closed","ping_status":"closed","sticky":false,"template":"","format":"standard","meta":{"_acf_changed":false,"footnotes":""},"categories":[32,1],"tags":[],"class_list":["post-4863","post","type-post","status-publish","format-standard","has-post-thumbnail","hentry","category-st-klara-altoetting-news","category-neuigkeiten"],"acf":[],"publishpress_future_action":{"enabled":false,"date":"2026-05-06 07:03:24","action":"change-status","newStatus":"draft","terms":[],"taxonomy":"category","extraData":[]},"publishpress_future_workflow_manual_trigger":{"enabledWorkflows":[]},"_links":{"self":[{"href":"https:\/\/jfb-stiftung.de\/st-klara-altoetting\/wp-json\/wp\/v2\/posts\/4863","targetHints":{"allow":["GET"]}}],"collection":[{"href":"https:\/\/jfb-stiftung.de\/st-klara-altoetting\/wp-json\/wp\/v2\/posts"}],"about":[{"href":"https:\/\/jfb-stiftung.de\/st-klara-altoetting\/wp-json\/wp\/v2\/types\/post"}],"author":[{"embeddable":true,"href":"https:\/\/jfb-stiftung.de\/st-klara-altoetting\/wp-json\/wp\/v2\/users\/19"}],"replies":[{"embeddable":true,"href":"https:\/\/jfb-stiftung.de\/st-klara-altoetting\/wp-json\/wp\/v2\/comments?post=4863"}],"version-history":[{"count":0,"href":"https:\/\/jfb-stiftung.de\/st-klara-altoetting\/wp-json\/wp\/v2\/posts\/4863\/revisions"}],"wp:featuredmedia":[{"embeddable":true,"href":"https:\/\/jfb-stiftung.de\/st-klara-altoetting\/wp-json\/wp\/v2\/media\/4864"}],"wp:attachment":[{"href":"https:\/\/jfb-stiftung.de\/st-klara-altoetting\/wp-json\/wp\/v2\/media?parent=4863"}],"wp:term":[{"taxonomy":"category","embeddable":true,"href":"https:\/\/jfb-stiftung.de\/st-klara-altoetting\/wp-json\/wp\/v2\/categories?post=4863"},{"taxonomy":"post_tag","embeddable":true,"href":"https:\/\/jfb-stiftung.de\/st-klara-altoetting\/wp-json\/wp\/v2\/tags?post=4863"}],"curies":[{"name":"wp","href":"https:\/\/api.w.org\/{rel}","templated":true}]}}