{"id":4856,"date":"2024-11-19T16:49:44","date_gmt":"2024-11-19T15:49:44","guid":{"rendered":"https:\/\/jfb-stiftung.de\/st-klara-altoetting\/?p=4856"},"modified":"2025-01-09T10:39:17","modified_gmt":"2025-01-09T09:39:17","slug":"maenner-stammtisch","status":"publish","type":"post","link":"https:\/\/jfb-stiftung.de\/st-klara-altoetting\/maenner-stammtisch\/","title":{"rendered":"M\u00e4nner-Stammtisch"},"content":{"rendered":"<p>Einmal im Monat findet freitags im Alten- und Pflegeheim St. Klara Alt\u00f6tting ein M\u00e4nnerstammtisch statt. Diesmal spendierte ein Bewohner Butterbrezen f\u00fcr die gesamte Runde. Auch der Heimf\u00fcrsprecher Herr Grzesch ist immer ein gern gesehener Gast in der M\u00e4nnerrunde. Es wurde viel erz\u00e4hlt und &#8211; wie es sich f\u00fcr einen Stammtisch geh\u00f6rt &#8211; auch \u00fcber das aktuelle Zeitgeschehen debattiert.<\/p>\n<p><img fetchpriority=\"high\" decoding=\"async\" class=\"alignnone size-medium wp-image-4933\" src=\"https:\/\/jfb-stiftung.de\/st-klara-altoetting\/wp-content\/uploads\/sites\/10\/2025\/01\/stammtisch2-1-1000x721.jpg\" alt=\"\" width=\"1000\" height=\"721\" srcset=\"https:\/\/jfb-stiftung.de\/st-klara-altoetting\/wp-content\/uploads\/sites\/10\/2025\/01\/stammtisch2-1-1000x721.jpg 1000w, https:\/\/jfb-stiftung.de\/st-klara-altoetting\/wp-content\/uploads\/sites\/10\/2025\/01\/stammtisch2-1-1500x1081.jpg 1500w, https:\/\/jfb-stiftung.de\/st-klara-altoetting\/wp-content\/uploads\/sites\/10\/2025\/01\/stammtisch2-1-768x553.jpg 768w, https:\/\/jfb-stiftung.de\/st-klara-altoetting\/wp-content\/uploads\/sites\/10\/2025\/01\/stammtisch2-1-1536x1107.jpg 1536w, https:\/\/jfb-stiftung.de\/st-klara-altoetting\/wp-content\/uploads\/sites\/10\/2025\/01\/stammtisch2-1.jpg 1714w\" sizes=\"(max-width: 1000px) 100vw, 1000px\" \/><\/p>\n","protected":false},"excerpt":{"rendered":"<p>Einmal im Monat findet freitags im Alten- und Pflegeheim St. Klara Alt\u00f6tting ein M\u00e4nnerstammtisch statt. Diesmal spendierte ein Bewohner Butterbrezen f\u00fcr die gesamte Runde. Auch der Heimf\u00fcrsprecher Herr Grzesch ist \u2026<\/p>\n","protected":false},"author":19,"featured_media":4932,"comment_status":"closed","ping_status":"closed","sticky":false,"template":"","format":"standard","meta":{"_acf_changed":false,"footnotes":""},"categories":[32,1],"tags":[],"class_list":["post-4856","post","type-post","status-publish","format-standard","has-post-thumbnail","hentry","category-st-klara-altoetting-news","category-neuigkeiten"],"acf":[],"publishpress_future_action":{"enabled":false,"date":"2026-05-06 07:03:37","action":"change-status","newStatus":"draft","terms":[],"taxonomy":"category","extraData":[]},"publishpress_future_workflow_manual_trigger":{"enabledWorkflows":[]},"_links":{"self":[{"href":"https:\/\/jfb-stiftung.de\/st-klara-altoetting\/wp-json\/wp\/v2\/posts\/4856","targetHints":{"allow":["GET"]}}],"collection":[{"href":"https:\/\/jfb-stiftung.de\/st-klara-altoetting\/wp-json\/wp\/v2\/posts"}],"about":[{"href":"https:\/\/jfb-stiftung.de\/st-klara-altoetting\/wp-json\/wp\/v2\/types\/post"}],"author":[{"embeddable":true,"href":"https:\/\/jfb-stiftung.de\/st-klara-altoetting\/wp-json\/wp\/v2\/users\/19"}],"replies":[{"embeddable":true,"href":"https:\/\/jfb-stiftung.de\/st-klara-altoetting\/wp-json\/wp\/v2\/comments?post=4856"}],"version-history":[{"count":0,"href":"https:\/\/jfb-stiftung.de\/st-klara-altoetting\/wp-json\/wp\/v2\/posts\/4856\/revisions"}],"wp:featuredmedia":[{"embeddable":true,"href":"https:\/\/jfb-stiftung.de\/st-klara-altoetting\/wp-json\/wp\/v2\/media\/4932"}],"wp:attachment":[{"href":"https:\/\/jfb-stiftung.de\/st-klara-altoetting\/wp-json\/wp\/v2\/media?parent=4856"}],"wp:term":[{"taxonomy":"category","embeddable":true,"href":"https:\/\/jfb-stiftung.de\/st-klara-altoetting\/wp-json\/wp\/v2\/categories?post=4856"},{"taxonomy":"post_tag","embeddable":true,"href":"https:\/\/jfb-stiftung.de\/st-klara-altoetting\/wp-json\/wp\/v2\/tags?post=4856"}],"curies":[{"name":"wp","href":"https:\/\/api.w.org\/{rel}","templated":true}]}}