{"id":4790,"date":"2024-09-14T13:30:49","date_gmt":"2024-09-14T11:30:49","guid":{"rendered":"https:\/\/jfb-stiftung.de\/st-klara-altoetting\/100-geburtstag-im-klaraheim\/"},"modified":"2024-11-21T14:10:09","modified_gmt":"2024-11-21T13:10:09","slug":"100-geburtstag-im-klaraheim","status":"publish","type":"post","link":"https:\/\/jfb-stiftung.de\/st-klara-altoetting\/100-geburtstag-im-klaraheim\/","title":{"rendered":"100. Geburtstag im Klaraheim"},"content":{"rendered":"<div dir=\"auto\">Frieda Gr\u00f6bner hat am 12. September 2024 ihren 100. Geburtstag im Klaraheim Alt\u00f6tting gefeiert. Neben der Familie, Freunden und vielen Bewohnern, die die Jubilarin geb\u00fchrend hochleben lie\u00dfen, mischten sich auch die 2. B\u00fcrgermeistern der Stadt Alt\u00f6tting, Christine Burghart, der Heimf\u00fcrsprecher Hans J\u00fcrgen Grzesch und der Einrichtungsleiter Georg Sigl-Lehner unter die Gratulanten. Begonnen hat der besondere Tag mit einem feierlichen Sektempfang in der Cafeteria. Im Anschluss wurde Frau Gr\u00f6bner in ein Alt\u00f6ttinger Gasthaus zum Essen &#8222;entf\u00fchrt&#8220;. Eine gro\u00dfe \u00dcberraschung war auch das Geburtstagsst\u00e4ndchen der Musikkapelle Alt\u00f6tting. Erst am sp\u00e4ten Nachmittag l\u00f6ste sich die Geburtstagsgesellschaft auf.<\/div>\n<div dir=\"auto\">\n<p>Die r\u00fcstige Jubilarin lebt seit 2021 im Klaraheim, liebt Kreuzwortr\u00e4tsel und ist oft und gern mit dem Rollator in der Einrichtung unterwegs.<\/p>\n\n\t\t<style type=\"text\/css\">\n\t\t\t#gallery-1 {\n\t\t\t\tmargin: auto;\n\t\t\t}\n\t\t\t#gallery-1 .gallery-item {\n\t\t\t\tfloat: left;\n\t\t\t\tmargin-top: 10px;\n\t\t\t\ttext-align: center;\n\t\t\t\twidth: 33%;\n\t\t\t}\n\t\t\t#gallery-1 img {\n\t\t\t\tborder: 2px solid #cfcfcf;\n\t\t\t}\n\t\t\t#gallery-1 .gallery-caption {\n\t\t\t\tmargin-left: 0;\n\t\t\t}\n\t\t\t\/* see gallery_shortcode() in wp-includes\/media.php *\/\n\t\t<\/style>\n\t\t<div id='gallery-1' class='gallery galleryid-4790 gallery-columns-3 gallery-size-thumbnail'><dl class='gallery-item'>\n\t\t\t<dt class='gallery-icon landscape'>\n\t\t\t\t<a href='https:\/\/jfb-stiftung.de\/st-klara-altoetting\/100-geburtstag-im-klaraheim\/459787285_122117469902425416_821691157520581315_n\/'><img fetchpriority=\"high\" decoding=\"async\" width=\"500\" height=\"395\" src=\"https:\/\/jfb-stiftung.de\/st-klara-altoetting\/wp-content\/uploads\/sites\/10\/2024\/09\/459787285_122117469902425416_821691157520581315_n-500x395.jpg\" class=\"attachment-thumbnail size-thumbnail\" alt=\"\"><\/a>\n\t\t\t<\/dt><\/dl><dl class='gallery-item'>\n\t\t\t<dt class='gallery-icon landscape'>\n\t\t\t\t<a href='https:\/\/jfb-stiftung.de\/st-klara-altoetting\/100-geburtstag-im-klaraheim\/460023143_122117469926425416_7675194811197278050_n\/'><img decoding=\"async\" width=\"500\" height=\"395\" src=\"https:\/\/jfb-stiftung.de\/st-klara-altoetting\/wp-content\/uploads\/sites\/10\/2024\/09\/460023143_122117469926425416_7675194811197278050_n-500x395.jpg\" class=\"attachment-thumbnail size-thumbnail\" alt=\"\"><\/a>\n\t\t\t<\/dt><\/dl>\n\t\t\t<br style='clear: both' \/>\n\t\t<\/div>\n\n<\/div>\n","protected":false},"excerpt":{"rendered":"<p>Frieda Gr\u00f6bner hat am 12. September 2024 ihren 100. Geburtstag im Klaraheim Alt\u00f6tting gefeiert. Neben der Familie, Freunden und vielen Bewohnern, die die Jubilarin geb\u00fchrend hochleben lie\u00dfen, mischten sich auch \u2026<\/p>\n","protected":false},"author":19,"featured_media":4792,"comment_status":"closed","ping_status":"closed","sticky":false,"template":"","format":"standard","meta":{"_acf_changed":false,"footnotes":""},"categories":[32,1],"tags":[],"class_list":["post-4790","post","type-post","status-publish","format-standard","has-post-thumbnail","hentry","category-st-klara-altoetting-news","category-neuigkeiten"],"acf":[],"publishpress_future_action":{"enabled":false,"date":"2026-05-06 07:03:35","action":"change-status","newStatus":"draft","terms":[],"taxonomy":"category","extraData":[]},"publishpress_future_workflow_manual_trigger":{"enabledWorkflows":[]},"_links":{"self":[{"href":"https:\/\/jfb-stiftung.de\/st-klara-altoetting\/wp-json\/wp\/v2\/posts\/4790","targetHints":{"allow":["GET"]}}],"collection":[{"href":"https:\/\/jfb-stiftung.de\/st-klara-altoetting\/wp-json\/wp\/v2\/posts"}],"about":[{"href":"https:\/\/jfb-stiftung.de\/st-klara-altoetting\/wp-json\/wp\/v2\/types\/post"}],"author":[{"embeddable":true,"href":"https:\/\/jfb-stiftung.de\/st-klara-altoetting\/wp-json\/wp\/v2\/users\/19"}],"replies":[{"embeddable":true,"href":"https:\/\/jfb-stiftung.de\/st-klara-altoetting\/wp-json\/wp\/v2\/comments?post=4790"}],"version-history":[{"count":0,"href":"https:\/\/jfb-stiftung.de\/st-klara-altoetting\/wp-json\/wp\/v2\/posts\/4790\/revisions"}],"wp:featuredmedia":[{"embeddable":true,"href":"https:\/\/jfb-stiftung.de\/st-klara-altoetting\/wp-json\/wp\/v2\/media\/4792"}],"wp:attachment":[{"href":"https:\/\/jfb-stiftung.de\/st-klara-altoetting\/wp-json\/wp\/v2\/media?parent=4790"}],"wp:term":[{"taxonomy":"category","embeddable":true,"href":"https:\/\/jfb-stiftung.de\/st-klara-altoetting\/wp-json\/wp\/v2\/categories?post=4790"},{"taxonomy":"post_tag","embeddable":true,"href":"https:\/\/jfb-stiftung.de\/st-klara-altoetting\/wp-json\/wp\/v2\/tags?post=4790"}],"curies":[{"name":"wp","href":"https:\/\/api.w.org\/{rel}","templated":true}]}}