{"id":4757,"date":"2024-08-21T12:04:59","date_gmt":"2024-08-21T10:04:59","guid":{"rendered":"https:\/\/jfb-stiftung.de\/st-klara-altoetting\/?p=4757"},"modified":"2024-11-21T14:11:03","modified_gmt":"2024-11-21T13:11:03","slug":"froehliches-sommerfest","status":"publish","type":"post","link":"https:\/\/jfb-stiftung.de\/st-klara-altoetting\/froehliches-sommerfest\/","title":{"rendered":"Fr\u00f6hliches Sommerfest"},"content":{"rendered":"<p>Wie immer gut besucht war das Sommerfest im Klaraheim Alt\u00f6tting am Freitag, den 9. August 2024. Gesch\u00e4ftsbereichsleiter Georg Sigl-Lehner konnte rund 200 G\u00e4ste in der sch\u00f6nen Parkanlage des Klaraheims begr\u00fc\u00dfen. Darunter auch B\u00fcrgermeister Stephan Antwerpen, Christa Lichtenegger, Vorst\u00e4ndin der Jacob Friedrich Bussereau Stiftung, Heimf\u00fchrsprecher Hans J\u00fcrgen Grzesch, die ehemalige Pflegedienstleiterin Alice Krukowski sowie die ehemalige Leiterin der Tagespflege Alt\u00f6tting. Vom St. Paulus Stift Neu\u00f6tting kamen Gesch\u00e4ftsbereichsleiterin Claudia Mauer und Bereichsleiter Oskar Hecht zur Feier.<\/p>\n<p>F\u00fcr die entspannte und ausgelassene Stimmung bei bestem Sommerwetter sorgte nicht nur die kulinarische Verpflegung mit bayerischen Schmankerln wie Schweinebraten und Kn\u00f6del, sondern auch die musikalische Unterhaltung vom &#8222;Musi Mane&#8220;, der die G\u00e4ste mit bayrischen Volksliedern und Evergreens bestens unterhielt. Gro\u00dfer Andrang herrschte auch beim Eiswagen der Eismanufaktur Alt\u00f6tting. Bei den hochsommerlichen Temperaturen kam dieser k\u00fchle Genuss genau recht.<\/p>\n\n\t\t<style type=\"text\/css\">\n\t\t\t#gallery-1 {\n\t\t\t\tmargin: auto;\n\t\t\t}\n\t\t\t#gallery-1 .gallery-item {\n\t\t\t\tfloat: left;\n\t\t\t\tmargin-top: 10px;\n\t\t\t\ttext-align: center;\n\t\t\t\twidth: 33%;\n\t\t\t}\n\t\t\t#gallery-1 img {\n\t\t\t\tborder: 2px solid #cfcfcf;\n\t\t\t}\n\t\t\t#gallery-1 .gallery-caption {\n\t\t\t\tmargin-left: 0;\n\t\t\t}\n\t\t\t\/* see gallery_shortcode() in wp-includes\/media.php *\/\n\t\t<\/style>\n\t\t<div id='gallery-1' class='gallery galleryid-4757 gallery-columns-3 gallery-size-thumbnail'><dl class='gallery-item'>\n\t\t\t<dt class='gallery-icon landscape'>\n\t\t\t\t<a href='https:\/\/jfb-stiftung.de\/st-klara-altoetting\/froehliches-sommerfest\/img_8007\/'><img fetchpriority=\"high\" decoding=\"async\" width=\"500\" height=\"500\" src=\"https:\/\/jfb-stiftung.de\/st-klara-altoetting\/wp-content\/uploads\/sites\/10\/2024\/08\/IMG_8007-scaled-500x500.jpg\" class=\"attachment-thumbnail size-thumbnail\" alt=\"\"><\/a>\n\t\t\t<\/dt><\/dl><dl class='gallery-item'>\n\t\t\t<dt class='gallery-icon landscape'>\n\t\t\t\t<a href='https:\/\/jfb-stiftung.de\/st-klara-altoetting\/froehliches-sommerfest\/img_7989_klein\/'><img decoding=\"async\" width=\"500\" height=\"500\" src=\"https:\/\/jfb-stiftung.de\/st-klara-altoetting\/wp-content\/uploads\/sites\/10\/2024\/08\/IMG_7989_klein-scaled-500x500.jpg\" class=\"attachment-thumbnail size-thumbnail\" alt=\"\"><\/a>\n\t\t\t<\/dt><\/dl><dl class='gallery-item'>\n\t\t\t<dt class='gallery-icon portrait'>\n\t\t\t\t<a href='https:\/\/jfb-stiftung.de\/st-klara-altoetting\/froehliches-sommerfest\/img_8031\/'><img decoding=\"async\" width=\"500\" height=\"500\" src=\"https:\/\/jfb-stiftung.de\/st-klara-altoetting\/wp-content\/uploads\/sites\/10\/2024\/08\/IMG_8031-scaled-500x500.jpg\" class=\"attachment-thumbnail size-thumbnail\" alt=\"\"><\/a>\n\t\t\t<\/dt><\/dl><br style=\"clear: both\" \/><dl class='gallery-item'>\n\t\t\t<dt class='gallery-icon landscape'>\n\t\t\t\t<a href='https:\/\/jfb-stiftung.de\/st-klara-altoetting\/froehliches-sommerfest\/img_8001\/'><img loading=\"lazy\" decoding=\"async\" width=\"500\" height=\"500\" src=\"https:\/\/jfb-stiftung.de\/st-klara-altoetting\/wp-content\/uploads\/sites\/10\/2024\/08\/IMG_8001-scaled-500x500.jpg\" class=\"attachment-thumbnail size-thumbnail\" alt=\"\"><\/a>\n\t\t\t<\/dt><\/dl><dl class='gallery-item'>\n\t\t\t<dt class='gallery-icon landscape'>\n\t\t\t\t<a href='https:\/\/jfb-stiftung.de\/st-klara-altoetting\/froehliches-sommerfest\/img_7995_klein\/'><img loading=\"lazy\" decoding=\"async\" width=\"500\" height=\"500\" src=\"https:\/\/jfb-stiftung.de\/st-klara-altoetting\/wp-content\/uploads\/sites\/10\/2024\/08\/IMG_7995_klein-scaled-500x500.jpg\" class=\"attachment-thumbnail size-thumbnail\" alt=\"\"><\/a>\n\t\t\t<\/dt><\/dl><dl class='gallery-item'>\n\t\t\t<dt class='gallery-icon portrait'>\n\t\t\t\t<a href='https:\/\/jfb-stiftung.de\/st-klara-altoetting\/froehliches-sommerfest\/img_7994_klein\/'><img loading=\"lazy\" decoding=\"async\" width=\"500\" height=\"500\" src=\"https:\/\/jfb-stiftung.de\/st-klara-altoetting\/wp-content\/uploads\/sites\/10\/2024\/08\/IMG_7994_klein-scaled-500x500.jpg\" class=\"attachment-thumbnail size-thumbnail\" alt=\"\"><\/a>\n\t\t\t<\/dt><\/dl><br style=\"clear: both\" \/>\n\t\t<\/div>\n\n<p>&nbsp;<\/p>\n","protected":false},"excerpt":{"rendered":"<p>Wie immer gut besucht war das Sommerfest im Klaraheim Alt\u00f6tting am Freitag, den 9. August 2024. Gesch\u00e4ftsbereichsleiter Georg Sigl-Lehner konnte rund 200 G\u00e4ste in der sch\u00f6nen Parkanlage des Klaraheims begr\u00fc\u00dfen. \u2026<\/p>\n","protected":false},"author":19,"featured_media":4766,"comment_status":"closed","ping_status":"closed","sticky":false,"template":"","format":"standard","meta":{"_acf_changed":false,"footnotes":""},"categories":[32,1],"tags":[],"class_list":["post-4757","post","type-post","status-publish","format-standard","has-post-thumbnail","hentry","category-st-klara-altoetting-news","category-neuigkeiten"],"acf":[],"publishpress_future_action":{"enabled":false,"date":"2026-05-06 04:55:04","action":"change-status","newStatus":"draft","terms":[],"taxonomy":"category","extraData":[]},"publishpress_future_workflow_manual_trigger":{"enabledWorkflows":[]},"_links":{"self":[{"href":"https:\/\/jfb-stiftung.de\/st-klara-altoetting\/wp-json\/wp\/v2\/posts\/4757","targetHints":{"allow":["GET"]}}],"collection":[{"href":"https:\/\/jfb-stiftung.de\/st-klara-altoetting\/wp-json\/wp\/v2\/posts"}],"about":[{"href":"https:\/\/jfb-stiftung.de\/st-klara-altoetting\/wp-json\/wp\/v2\/types\/post"}],"author":[{"embeddable":true,"href":"https:\/\/jfb-stiftung.de\/st-klara-altoetting\/wp-json\/wp\/v2\/users\/19"}],"replies":[{"embeddable":true,"href":"https:\/\/jfb-stiftung.de\/st-klara-altoetting\/wp-json\/wp\/v2\/comments?post=4757"}],"version-history":[{"count":0,"href":"https:\/\/jfb-stiftung.de\/st-klara-altoetting\/wp-json\/wp\/v2\/posts\/4757\/revisions"}],"wp:featuredmedia":[{"embeddable":true,"href":"https:\/\/jfb-stiftung.de\/st-klara-altoetting\/wp-json\/wp\/v2\/media\/4766"}],"wp:attachment":[{"href":"https:\/\/jfb-stiftung.de\/st-klara-altoetting\/wp-json\/wp\/v2\/media?parent=4757"}],"wp:term":[{"taxonomy":"category","embeddable":true,"href":"https:\/\/jfb-stiftung.de\/st-klara-altoetting\/wp-json\/wp\/v2\/categories?post=4757"},{"taxonomy":"post_tag","embeddable":true,"href":"https:\/\/jfb-stiftung.de\/st-klara-altoetting\/wp-json\/wp\/v2\/tags?post=4757"}],"curies":[{"name":"wp","href":"https:\/\/api.w.org\/{rel}","templated":true}]}}