{"id":4728,"date":"2024-08-08T10:45:46","date_gmt":"2024-08-08T08:45:46","guid":{"rendered":"https:\/\/jfb-stiftung.de\/st-klara-altoetting\/duftende-kraeuter-im-klaraheim\/"},"modified":"2024-11-21T14:15:48","modified_gmt":"2024-11-21T13:15:48","slug":"duftende-kraeuter-im-klaraheim","status":"publish","type":"post","link":"https:\/\/jfb-stiftung.de\/st-klara-altoetting\/duftende-kraeuter-im-klaraheim\/","title":{"rendered":"Duftende Kr\u00e4uter im Klaraheim"},"content":{"rendered":"<p>Was gibt es herrlicheres als den Duft frischer Sommerkr\u00e4uter? Diese Woche haben die Bewohner*innen des Alten- und Pflegeheims St. Klara in Zusammenarbeit mit der sozialen Betreuung \u201eKr\u00e4uterbutter\u201c selbst gemacht. Frischer Rosmarin, Basilikum, Oregano, Schnittlauch, Thymian und\u00a0 Lavendel mussten genau unter die Lupe genommen werden, bevor alle Kr\u00e4uter verarbeitet wurden. \u201eOh wie das duftete!&#8220; Nach der &#8222;Kr\u00e4uterbegutachtung&#8220; ging es ans Werk: Die Kr\u00e4uter wurden fein s\u00e4uberlich gezupft und gehackt, dann kamen Butter, Salz und ein wenig Zitronensaft dazu, fertig! Die Verkostung zum Abschluss durfte nat\u00fcrlich nicht fehlen und so wurde der Nachmittag f\u00fcr alle zu einem \u00e4u\u00dferst k\u00f6stlichen Vergn\u00fcgen.<\/p>\n\n\t\t<style type=\"text\/css\">\n\t\t\t#gallery-1 {\n\t\t\t\tmargin: auto;\n\t\t\t}\n\t\t\t#gallery-1 .gallery-item {\n\t\t\t\tfloat: left;\n\t\t\t\tmargin-top: 10px;\n\t\t\t\ttext-align: center;\n\t\t\t\twidth: 33%;\n\t\t\t}\n\t\t\t#gallery-1 img {\n\t\t\t\tborder: 2px solid #cfcfcf;\n\t\t\t}\n\t\t\t#gallery-1 .gallery-caption {\n\t\t\t\tmargin-left: 0;\n\t\t\t}\n\t\t\t\/* see gallery_shortcode() in wp-includes\/media.php *\/\n\t\t<\/style>\n\t\t<div id='gallery-1' class='gallery galleryid-4728 gallery-columns-3 gallery-size-thumbnail'><dl class='gallery-item'>\n\t\t\t<dt class='gallery-icon landscape'>\n\t\t\t\t<a href='https:\/\/jfb-stiftung.de\/st-klara-altoetting\/duftende-kraeuter-im-klaraheim\/img_7981_klein\/'><img fetchpriority=\"high\" decoding=\"async\" width=\"500\" height=\"500\" src=\"https:\/\/jfb-stiftung.de\/st-klara-altoetting\/wp-content\/uploads\/sites\/10\/2024\/08\/IMG_7981_klein-scaled-500x500.jpg\" class=\"attachment-thumbnail size-thumbnail\" alt=\"\"><\/a>\n\t\t\t<\/dt><\/dl><dl class='gallery-item'>\n\t\t\t<dt class='gallery-icon landscape'>\n\t\t\t\t<a href='https:\/\/jfb-stiftung.de\/st-klara-altoetting\/duftende-kraeuter-im-klaraheim\/img_7983_klein\/'><img decoding=\"async\" width=\"500\" height=\"500\" src=\"https:\/\/jfb-stiftung.de\/st-klara-altoetting\/wp-content\/uploads\/sites\/10\/2024\/08\/IMG_7983_klein-scaled-500x500.jpg\" class=\"attachment-thumbnail size-thumbnail\" alt=\"\"><\/a>\n\t\t\t<\/dt><\/dl><dl class='gallery-item'>\n\t\t\t<dt class='gallery-icon landscape'>\n\t\t\t\t<a href='https:\/\/jfb-stiftung.de\/st-klara-altoetting\/duftende-kraeuter-im-klaraheim\/img_7979_klein\/'><img decoding=\"async\" width=\"500\" height=\"500\" src=\"https:\/\/jfb-stiftung.de\/st-klara-altoetting\/wp-content\/uploads\/sites\/10\/2024\/08\/IMG_7979_klein-scaled-500x500.jpg\" class=\"attachment-thumbnail size-thumbnail\" alt=\"\"><\/a>\n\t\t\t<\/dt><\/dl><br style=\"clear: both\" \/>\n\t\t<\/div>\n\n","protected":false},"excerpt":{"rendered":"<p>Was gibt es herrlicheres als den Duft frischer Sommerkr\u00e4uter? Diese Woche haben die Bewohner*innen des Alten- und Pflegeheims St. Klara in Zusammenarbeit mit der sozialen Betreuung \u201eKr\u00e4uterbutter\u201c selbst gemacht. Frischer \u2026<\/p>\n","protected":false},"author":19,"featured_media":4730,"comment_status":"closed","ping_status":"closed","sticky":false,"template":"","format":"standard","meta":{"_acf_changed":false,"footnotes":""},"categories":[32,1],"tags":[],"class_list":["post-4728","post","type-post","status-publish","format-standard","has-post-thumbnail","hentry","category-st-klara-altoetting-news","category-neuigkeiten"],"acf":[],"publishpress_future_action":{"enabled":false,"date":"2026-05-06 07:03:22","action":"change-status","newStatus":"draft","terms":[],"taxonomy":"category","extraData":[]},"publishpress_future_workflow_manual_trigger":{"enabledWorkflows":[]},"_links":{"self":[{"href":"https:\/\/jfb-stiftung.de\/st-klara-altoetting\/wp-json\/wp\/v2\/posts\/4728","targetHints":{"allow":["GET"]}}],"collection":[{"href":"https:\/\/jfb-stiftung.de\/st-klara-altoetting\/wp-json\/wp\/v2\/posts"}],"about":[{"href":"https:\/\/jfb-stiftung.de\/st-klara-altoetting\/wp-json\/wp\/v2\/types\/post"}],"author":[{"embeddable":true,"href":"https:\/\/jfb-stiftung.de\/st-klara-altoetting\/wp-json\/wp\/v2\/users\/19"}],"replies":[{"embeddable":true,"href":"https:\/\/jfb-stiftung.de\/st-klara-altoetting\/wp-json\/wp\/v2\/comments?post=4728"}],"version-history":[{"count":0,"href":"https:\/\/jfb-stiftung.de\/st-klara-altoetting\/wp-json\/wp\/v2\/posts\/4728\/revisions"}],"wp:featuredmedia":[{"embeddable":true,"href":"https:\/\/jfb-stiftung.de\/st-klara-altoetting\/wp-json\/wp\/v2\/media\/4730"}],"wp:attachment":[{"href":"https:\/\/jfb-stiftung.de\/st-klara-altoetting\/wp-json\/wp\/v2\/media?parent=4728"}],"wp:term":[{"taxonomy":"category","embeddable":true,"href":"https:\/\/jfb-stiftung.de\/st-klara-altoetting\/wp-json\/wp\/v2\/categories?post=4728"},{"taxonomy":"post_tag","embeddable":true,"href":"https:\/\/jfb-stiftung.de\/st-klara-altoetting\/wp-json\/wp\/v2\/tags?post=4728"}],"curies":[{"name":"wp","href":"https:\/\/api.w.org\/{rel}","templated":true}]}}