{"id":4714,"date":"2024-07-16T16:26:22","date_gmt":"2024-07-16T14:26:22","guid":{"rendered":"https:\/\/jfb-stiftung.de\/st-klara-altoetting\/st-klara-im-em-fieber\/"},"modified":"2024-07-17T11:50:27","modified_gmt":"2024-07-17T09:50:27","slug":"st-klara-im-em-fieber","status":"publish","type":"post","link":"https:\/\/jfb-stiftung.de\/st-klara-altoetting\/st-klara-im-em-fieber\/","title":{"rendered":"St. Klara im EM-Fieber"},"content":{"rendered":"<p>Auch wenn die deutsche Nationalmannschaft den Titel nicht holen konnte, war die Fu\u00dfball-EM 2024 f\u00fcr alle ein gro\u00dfer Spa\u00df! Die Bewohner*innen des Alten- und Pflegeheims St. Klara haben kein Spiel verpasst und die deutsche Mannschaft ordentlich angefeuert. F\u00fcr die passende &#8222;Public Viewing&#8220;-Atmosph\u00e4re wurde in der Cafeteria kurzerhand ein EM-St\u00fcberl eingerichtet.<\/p>\n","protected":false},"excerpt":{"rendered":"<p>Auch wenn die deutsche Nationalmannschaft den Titel nicht holen konnte, war die Fu\u00dfball-EM 2024 f\u00fcr alle ein gro\u00dfer Spa\u00df! Die Bewohner*innen des Alten- und Pflegeheims St. Klara haben kein Spiel \u2026<\/p>\n","protected":false},"author":2,"featured_media":4715,"comment_status":"closed","ping_status":"closed","sticky":false,"template":"","format":"standard","meta":{"_acf_changed":false,"footnotes":""},"categories":[32],"tags":[],"class_list":["post-4714","post","type-post","status-publish","format-standard","has-post-thumbnail","hentry","category-st-klara-altoetting-news"],"acf":[],"publishpress_future_action":{"enabled":false,"date":"2026-05-06 07:04:14","action":"change-status","newStatus":"draft","terms":[],"taxonomy":"category","extraData":[]},"publishpress_future_workflow_manual_trigger":{"enabledWorkflows":[]},"_links":{"self":[{"href":"https:\/\/jfb-stiftung.de\/st-klara-altoetting\/wp-json\/wp\/v2\/posts\/4714","targetHints":{"allow":["GET"]}}],"collection":[{"href":"https:\/\/jfb-stiftung.de\/st-klara-altoetting\/wp-json\/wp\/v2\/posts"}],"about":[{"href":"https:\/\/jfb-stiftung.de\/st-klara-altoetting\/wp-json\/wp\/v2\/types\/post"}],"author":[{"embeddable":true,"href":"https:\/\/jfb-stiftung.de\/st-klara-altoetting\/wp-json\/wp\/v2\/users\/2"}],"replies":[{"embeddable":true,"href":"https:\/\/jfb-stiftung.de\/st-klara-altoetting\/wp-json\/wp\/v2\/comments?post=4714"}],"version-history":[{"count":0,"href":"https:\/\/jfb-stiftung.de\/st-klara-altoetting\/wp-json\/wp\/v2\/posts\/4714\/revisions"}],"wp:featuredmedia":[{"embeddable":true,"href":"https:\/\/jfb-stiftung.de\/st-klara-altoetting\/wp-json\/wp\/v2\/media\/4715"}],"wp:attachment":[{"href":"https:\/\/jfb-stiftung.de\/st-klara-altoetting\/wp-json\/wp\/v2\/media?parent=4714"}],"wp:term":[{"taxonomy":"category","embeddable":true,"href":"https:\/\/jfb-stiftung.de\/st-klara-altoetting\/wp-json\/wp\/v2\/categories?post=4714"},{"taxonomy":"post_tag","embeddable":true,"href":"https:\/\/jfb-stiftung.de\/st-klara-altoetting\/wp-json\/wp\/v2\/tags?post=4714"}],"curies":[{"name":"wp","href":"https:\/\/api.w.org\/{rel}","templated":true}]}}