{"id":4710,"date":"2024-07-18T10:51:54","date_gmt":"2024-07-18T08:51:54","guid":{"rendered":"https:\/\/jfb-stiftung.de\/st-klara-altoetting\/?p=4710"},"modified":"2024-11-21T14:20:43","modified_gmt":"2024-11-21T13:20:43","slug":"streichkonzert-fuer-die-sinne","status":"publish","type":"post","link":"https:\/\/jfb-stiftung.de\/st-klara-altoetting\/streichkonzert-fuer-die-sinne\/","title":{"rendered":"Streichkonzert f\u00fcr die Sinne"},"content":{"rendered":"<p>Ein internationales Programm spielte ein f\u00fcnfk\u00f6pfiges Streichensemble unter Leitung von Max Fandrey am Freitag, den 12. Juli 2024, f\u00fcr die Bewohnerinnen und Bewohner von St- Klara. Max Fandrey, der Sohn einer Bewohnerin, ist an der St\u00e4dtischen Musikschule M\u00fchldorf hauptamtlicher Lehrer f\u00fcr Violine, Viola und Orchesterleitung. Au\u00dferdem ist er zust\u00e4ndig f\u00fcr\u00a0 verschiedenen Streicherensembles und Orchester. Zusammen mit vier Sch\u00fclerinnen und Sch\u00fclern entf\u00fchrte er sein Publikum auf eine musikalische Reise um die Welt. Die f\u00fcnf Instrumentalisten brachten verschiedene internationale St\u00fccke zu Geh\u00f6r und schafften damit ein eindrucksvolles Erlebnis f\u00fcr die Sinne.<\/p>\n<p><img fetchpriority=\"high\" decoding=\"async\" class=\" wp-image-4711 alignnone\" src=\"https:\/\/jfb-stiftung.de\/st-klara-altoetting\/wp-content\/uploads\/sites\/10\/2024\/07\/Streichkonzert-II-1000x667.jpg\" alt=\"\" width=\"489\" height=\"326\" srcset=\"https:\/\/jfb-stiftung.de\/st-klara-altoetting\/wp-content\/uploads\/sites\/10\/2024\/07\/Streichkonzert-II-1000x667.jpg 1000w, https:\/\/jfb-stiftung.de\/st-klara-altoetting\/wp-content\/uploads\/sites\/10\/2024\/07\/Streichkonzert-II-768x512.jpg 768w, https:\/\/jfb-stiftung.de\/st-klara-altoetting\/wp-content\/uploads\/sites\/10\/2024\/07\/Streichkonzert-II.jpg 1500w\" sizes=\"(max-width: 489px) 100vw, 489px\" \/><\/p>\n","protected":false},"excerpt":{"rendered":"<p>Ein internationales Programm spielte ein f\u00fcnfk\u00f6pfiges Streichensemble unter Leitung von Max Fandrey am Freitag, den 12. Juli 2024, f\u00fcr die Bewohnerinnen und Bewohner von St- Klara. Max Fandrey, der Sohn \u2026<\/p>\n","protected":false},"author":2,"featured_media":4712,"comment_status":"closed","ping_status":"closed","sticky":false,"template":"","format":"standard","meta":{"_acf_changed":false,"footnotes":""},"categories":[32,1],"tags":[],"class_list":["post-4710","post","type-post","status-publish","format-standard","has-post-thumbnail","hentry","category-st-klara-altoetting-news","category-neuigkeiten"],"acf":[],"publishpress_future_action":{"enabled":false,"date":"2026-05-06 07:04:15","action":"change-status","newStatus":"draft","terms":[],"taxonomy":"category","extraData":[]},"publishpress_future_workflow_manual_trigger":{"enabledWorkflows":[]},"_links":{"self":[{"href":"https:\/\/jfb-stiftung.de\/st-klara-altoetting\/wp-json\/wp\/v2\/posts\/4710","targetHints":{"allow":["GET"]}}],"collection":[{"href":"https:\/\/jfb-stiftung.de\/st-klara-altoetting\/wp-json\/wp\/v2\/posts"}],"about":[{"href":"https:\/\/jfb-stiftung.de\/st-klara-altoetting\/wp-json\/wp\/v2\/types\/post"}],"author":[{"embeddable":true,"href":"https:\/\/jfb-stiftung.de\/st-klara-altoetting\/wp-json\/wp\/v2\/users\/2"}],"replies":[{"embeddable":true,"href":"https:\/\/jfb-stiftung.de\/st-klara-altoetting\/wp-json\/wp\/v2\/comments?post=4710"}],"version-history":[{"count":0,"href":"https:\/\/jfb-stiftung.de\/st-klara-altoetting\/wp-json\/wp\/v2\/posts\/4710\/revisions"}],"wp:featuredmedia":[{"embeddable":true,"href":"https:\/\/jfb-stiftung.de\/st-klara-altoetting\/wp-json\/wp\/v2\/media\/4712"}],"wp:attachment":[{"href":"https:\/\/jfb-stiftung.de\/st-klara-altoetting\/wp-json\/wp\/v2\/media?parent=4710"}],"wp:term":[{"taxonomy":"category","embeddable":true,"href":"https:\/\/jfb-stiftung.de\/st-klara-altoetting\/wp-json\/wp\/v2\/categories?post=4710"},{"taxonomy":"post_tag","embeddable":true,"href":"https:\/\/jfb-stiftung.de\/st-klara-altoetting\/wp-json\/wp\/v2\/tags?post=4710"}],"curies":[{"name":"wp","href":"https:\/\/api.w.org\/{rel}","templated":true}]}}