{"id":4703,"date":"2024-06-01T11:20:49","date_gmt":"2024-06-01T09:20:49","guid":{"rendered":"https:\/\/jfb-stiftung.de\/st-klara-altoetting\/?p=4703"},"modified":"2024-08-08T12:52:53","modified_gmt":"2024-08-08T10:52:53","slug":"blumenteppiche-an-fronleichnam","status":"publish","type":"post","link":"https:\/\/jfb-stiftung.de\/st-klara-altoetting\/blumenteppiche-an-fronleichnam\/","title":{"rendered":"Blumenteppiche an Fronleichnam"},"content":{"rendered":"<p>Zwei wundersch\u00f6ne Blumenteppiche gestalteten die Bewohner*innen des Alt\u00f6ttinger Klaraheims f\u00fcr den Fronleichnams-Festgottesdienst. Am Donnerstag, den 30. Mai 2024, wurde das Kirchenfest in der gro\u00dfen Hauskapelle gefeiert. F\u00fcr die bunten Blumenteppiche wurden christliche Symbole aus bunten Bl\u00fcten gestaltet.\u00a0 Bevor es ans Werk ging, zeichnete das &#8222;Blumenteppich-Team&#8220; Vorlagen auf zwei gro\u00dfen Unterlagen vor. Dann ging es ans Sammeln von Rosen, Pfingstrosen und Lavendel, denn Bl\u00fcten in den Farben Blau, Rot, Wei\u00df und Gelb wurden f\u00fcr die Teppichmuster ben\u00f6tigt. Wie sch\u00f6n und praktisch es doch ist, wenn im eigenen Garten alles pr\u00e4chtig w\u00e4chst!\u00a0 Nach Farben sortiert legte das Kreativ-Team dann am fr\u00fchen Fronleichnamsmorgen Bl\u00fctenblatt f\u00fcr Bl\u00fctenblatt nach dem vorgegebenen Muster auf auf der Vorlage aus. Fertig waren die pr\u00e4chtigen Bl\u00fctenteppich, die von allen Gottesdienst-Besuchern bestaunt und gelobt wurden!<\/p>\n","protected":false},"excerpt":{"rendered":"<p>Zwei wundersch\u00f6ne Blumenteppiche gestalteten die Bewohner*innen des Alt\u00f6ttinger Klaraheims f\u00fcr den Fronleichnams-Festgottesdienst. Am Donnerstag, den 30. Mai 2024, wurde das Kirchenfest in der gro\u00dfen Hauskapelle gefeiert. F\u00fcr die bunten Blumenteppiche \u2026<\/p>\n","protected":false},"author":2,"featured_media":4743,"comment_status":"closed","ping_status":"closed","sticky":false,"template":"","format":"standard","meta":{"_acf_changed":false,"footnotes":""},"categories":[32,1],"tags":[],"class_list":["post-4703","post","type-post","status-publish","format-standard","has-post-thumbnail","hentry","category-st-klara-altoetting-news","category-neuigkeiten"],"acf":[],"publishpress_future_action":{"enabled":false,"date":"2026-05-06 08:11:26","action":"change-status","newStatus":"draft","terms":[],"taxonomy":"category","extraData":[]},"publishpress_future_workflow_manual_trigger":{"enabledWorkflows":[]},"_links":{"self":[{"href":"https:\/\/jfb-stiftung.de\/st-klara-altoetting\/wp-json\/wp\/v2\/posts\/4703","targetHints":{"allow":["GET"]}}],"collection":[{"href":"https:\/\/jfb-stiftung.de\/st-klara-altoetting\/wp-json\/wp\/v2\/posts"}],"about":[{"href":"https:\/\/jfb-stiftung.de\/st-klara-altoetting\/wp-json\/wp\/v2\/types\/post"}],"author":[{"embeddable":true,"href":"https:\/\/jfb-stiftung.de\/st-klara-altoetting\/wp-json\/wp\/v2\/users\/2"}],"replies":[{"embeddable":true,"href":"https:\/\/jfb-stiftung.de\/st-klara-altoetting\/wp-json\/wp\/v2\/comments?post=4703"}],"version-history":[{"count":0,"href":"https:\/\/jfb-stiftung.de\/st-klara-altoetting\/wp-json\/wp\/v2\/posts\/4703\/revisions"}],"wp:featuredmedia":[{"embeddable":true,"href":"https:\/\/jfb-stiftung.de\/st-klara-altoetting\/wp-json\/wp\/v2\/media\/4743"}],"wp:attachment":[{"href":"https:\/\/jfb-stiftung.de\/st-klara-altoetting\/wp-json\/wp\/v2\/media?parent=4703"}],"wp:term":[{"taxonomy":"category","embeddable":true,"href":"https:\/\/jfb-stiftung.de\/st-klara-altoetting\/wp-json\/wp\/v2\/categories?post=4703"},{"taxonomy":"post_tag","embeddable":true,"href":"https:\/\/jfb-stiftung.de\/st-klara-altoetting\/wp-json\/wp\/v2\/tags?post=4703"}],"curies":[{"name":"wp","href":"https:\/\/api.w.org\/{rel}","templated":true}]}}