{"id":4651,"date":"2024-06-17T09:43:27","date_gmt":"2024-06-17T07:43:27","guid":{"rendered":"https:\/\/jfb-stiftung.de\/st-klara-altoetting\/?p=4651"},"modified":"2024-06-17T09:43:28","modified_gmt":"2024-06-17T07:43:28","slug":"baumpflanzung-als-dank-fuer-lebenswerk","status":"publish","type":"post","link":"https:\/\/jfb-stiftung.de\/st-klara-altoetting\/baumpflanzung-als-dank-fuer-lebenswerk\/","title":{"rendered":"Baumpflanzung als Dank f\u00fcr Lebenswerk"},"content":{"rendered":"<p><strong>Der Bewohnerf\u00fcrsprecher des Alten- und Pflegeheims St. Klara, Herr Hans J\u00fcrgen Grzesch, hat anl\u00e4sslich seines 85. Geburtstages eine besondere Ehrung f\u00fcr seine langj\u00e4hrigen Verdienste erhalten.<br \/>\n<\/strong>Ein Blumenstrau\u00df und eine Packung Pralinen von dieser Idee waren die Verantwortlichen rund um den Gesch\u00e4ftsbereichsleiter, Herr Georg Sigl-Lehner, wenig angetan, denn f\u00fcr den schon seit 2018 im Klaraheim erst als Heimbeirat und jetzt aktiven Bewohnerf\u00fcrsprecher sollte es etwas ganz Besonderes sein. Gro\u00dfen Anklang fand der Vorschlag, einen Baum direkt in der gro\u00dfen Parkanlage des Seniorenheims zu pflanzen und bald mit einer Hinweistafel zu versehen auf dem die Verdienste von Herrn Grzesch genannt werden.<br \/>\nGeboren wurde die Idee w\u00e4hrend eines Brainstormings in der Mittagsrunde. Es sollte etwas Bleibendes sein, dass f\u00fcr Best\u00e4ndigkeit und auch f\u00fcr Freundschaft steht: So fiel die Wahl auf den Ginkgo-Baum, der all das symbolisiert und daf\u00fcr bekannt ist, sehr langlebig zu sein.<br \/>\n\u201eWir sch\u00e4tzen Herrn Grzesch in seiner Funktion als Ansprechpartner und Interessensvertreter der Bewohner sehr. Er ist mehrmals in der Woche bei uns im Klaraheim, um Bewohner zu besuchen, Geburtstagskindern zu gratulieren, bei er Organisation von Veranstaltungen zu helfen und, wenn m\u00f6glich, ist Herr Grzesch auch bei Beerdigungen von verstorbenen Bewohnern anwesend\u201c, berichtet der Gesch\u00e4ftsbereichsleiter des Klaraheims begeistert.<br \/>\nZur k\u00fcrzlich stattgefundenen feierlichen Baumpflanzung vor dem Altenheim war auch die Vorst\u00e4ndin der Jacob Friedrich Bussereau Stiftung zugegen, die noch ein paar pers\u00f6nliche Worte an Herr Grzesch richtete: \u201eWir danken Herrn Grzesch f\u00fcr seinen wertvollen Beitrag, den er in den sechs Jahren f\u00fcr die Bewohner des Klaraheims geleistet hat. Mit der Baumpflanzung wollten wir gerne unsere Anerkennung und unseren Dank sichtbar machen\u201c, so Christa Lichtenegger. Der Bewohnerf\u00fcrsprecher zeigte sich sehr ger\u00fchrt von dieser Geste und freute sich sehr \u00fcber dieses au\u00dfergew\u00f6hnliche Geschenk. Auch wenn er Ende dieses Jahres das Amt des Bewohnerf\u00fcrsprechers niederlegt und sich damit in den wohlverdienten \u201ezweiten Ruhestand\u201c verabschiedet, bleibt Herr Grzesch immer ein gern gesehener Gast im Klaraheim.<\/p>\n<p><img fetchpriority=\"high\" decoding=\"async\" class=\"aligncenter wp-image-4653\" src=\"https:\/\/jfb-stiftung.de\/st-klara-altoetting\/wp-content\/uploads\/sites\/10\/2024\/06\/GBL_HFS_Baumpflanzung-2024-667x1000.jpg\" alt=\"\" width=\"264\" height=\"396\"><\/p>\n","protected":false},"excerpt":{"rendered":"<p>Der Bewohnerf\u00fcrsprecher des Alten- und Pflegeheims St. Klara, Herr Hans J\u00fcrgen Grzesch, hat anl\u00e4sslich seines 85. Geburtstages eine besondere Ehrung f\u00fcr seine langj\u00e4hrigen Verdienste erhalten. Ein Blumenstrau\u00df und eine Packung \u2026<\/p>\n","protected":false},"author":2,"featured_media":4652,"comment_status":"closed","ping_status":"closed","sticky":false,"template":"","format":"standard","meta":{"_acf_changed":false,"footnotes":""},"categories":[32],"tags":[],"class_list":["post-4651","post","type-post","status-publish","format-standard","has-post-thumbnail","hentry","category-st-klara-altoetting-news"],"acf":[],"publishpress_future_action":{"enabled":false,"date":"2026-05-06 07:03:35","action":"change-status","newStatus":"draft","terms":[],"taxonomy":"category","extraData":[]},"publishpress_future_workflow_manual_trigger":{"enabledWorkflows":[]},"_links":{"self":[{"href":"https:\/\/jfb-stiftung.de\/st-klara-altoetting\/wp-json\/wp\/v2\/posts\/4651","targetHints":{"allow":["GET"]}}],"collection":[{"href":"https:\/\/jfb-stiftung.de\/st-klara-altoetting\/wp-json\/wp\/v2\/posts"}],"about":[{"href":"https:\/\/jfb-stiftung.de\/st-klara-altoetting\/wp-json\/wp\/v2\/types\/post"}],"author":[{"embeddable":true,"href":"https:\/\/jfb-stiftung.de\/st-klara-altoetting\/wp-json\/wp\/v2\/users\/2"}],"replies":[{"embeddable":true,"href":"https:\/\/jfb-stiftung.de\/st-klara-altoetting\/wp-json\/wp\/v2\/comments?post=4651"}],"version-history":[{"count":0,"href":"https:\/\/jfb-stiftung.de\/st-klara-altoetting\/wp-json\/wp\/v2\/posts\/4651\/revisions"}],"wp:featuredmedia":[{"embeddable":true,"href":"https:\/\/jfb-stiftung.de\/st-klara-altoetting\/wp-json\/wp\/v2\/media\/4652"}],"wp:attachment":[{"href":"https:\/\/jfb-stiftung.de\/st-klara-altoetting\/wp-json\/wp\/v2\/media?parent=4651"}],"wp:term":[{"taxonomy":"category","embeddable":true,"href":"https:\/\/jfb-stiftung.de\/st-klara-altoetting\/wp-json\/wp\/v2\/categories?post=4651"},{"taxonomy":"post_tag","embeddable":true,"href":"https:\/\/jfb-stiftung.de\/st-klara-altoetting\/wp-json\/wp\/v2\/tags?post=4651"}],"curies":[{"name":"wp","href":"https:\/\/api.w.org\/{rel}","templated":true}]}}