{"id":4624,"date":"2024-06-11T11:27:09","date_gmt":"2024-06-11T09:27:09","guid":{"rendered":"https:\/\/jfb-stiftung.de\/st-klara-altoetting\/singrunde-dank-ehrenamtlichen-engagement\/"},"modified":"2024-06-12T13:11:00","modified_gmt":"2024-06-12T11:11:00","slug":"singrunde-dank-ehrenamtlichen-engagement","status":"publish","type":"post","link":"https:\/\/jfb-stiftung.de\/st-klara-altoetting\/singrunde-dank-ehrenamtlichen-engagement\/","title":{"rendered":"Singrunde dank ehrenamtlichen Engagement"},"content":{"rendered":"<p>Singen tut gut, das wei\u00df jeder. Aber, dass Singen auch so richtig gesund ist, ist dem ein oder anderen wohl noch nicht so bekannt. Wohl aber unseren Mitarbeiter*innen des Klaraheims: Gemeinsames Singen bringt den Kreislauf in Schwung, st\u00e4rkt die Abwehrkr\u00e4fte und macht schlicht gl\u00fccklich (laut einer Studie ist Singen ein nat\u00fcrliches Antidepressivum und beim Singen werden Gl\u00fcckshormone ausgesch\u00fcttet). Gr\u00fcnde f\u00fcrs gemeinsame Singen gibt es also jede Menge. Die offene Singrunde hat sich im Klaraheim bereits etabliert. Immer montags, darf jeder, das hei\u00dft auch die\/der nicht so talentierte S\u00e4nger*in, je nach Lust und Laune teilnehmen. Ein riesengro\u00dfer Dank an die ehrenamtliche Mitarbeiterin Frau Hofbauer ohne die ein solches Angebot\u00a0 nicht m\u00f6glich w\u00e4re. Gerne geht sie auf die W\u00fcnsche des &#8222;Klaraheim Chors&#8220; ein, wobei meist ein Konsens dar\u00fcber herrscht, dass altbekannte Heimatlieder gesungen werden. Je nach Lied begleitet Frau Hofbauer auch mit der Querfl\u00f6te. Haben wir schon danke gesagt, &#8222;ja&#8220;, aber gerne nochmal: Herzlichen Dank an Frau Hofbauer f\u00fcr diese sch\u00f6ne M\u00f6glichkeit.<\/p>\n<p>&nbsp;<\/p>\n","protected":false},"excerpt":{"rendered":"<p>Singen tut gut, das wei\u00df jeder. Aber, dass Singen auch so richtig gesund ist, ist dem ein oder anderen wohl noch nicht so bekannt. Wohl aber unseren Mitarbeiter*innen des Klaraheims: \u2026<\/p>\n","protected":false},"author":2,"featured_media":4625,"comment_status":"closed","ping_status":"closed","sticky":false,"template":"","format":"standard","meta":{"_acf_changed":false,"footnotes":""},"categories":[32],"tags":[],"class_list":["post-4624","post","type-post","status-publish","format-standard","has-post-thumbnail","hentry","category-st-klara-altoetting-news"],"acf":[],"publishpress_future_action":{"enabled":false,"date":"2026-05-06 07:03:38","action":"change-status","newStatus":"draft","terms":[],"taxonomy":"category","extraData":[]},"publishpress_future_workflow_manual_trigger":{"enabledWorkflows":[]},"_links":{"self":[{"href":"https:\/\/jfb-stiftung.de\/st-klara-altoetting\/wp-json\/wp\/v2\/posts\/4624","targetHints":{"allow":["GET"]}}],"collection":[{"href":"https:\/\/jfb-stiftung.de\/st-klara-altoetting\/wp-json\/wp\/v2\/posts"}],"about":[{"href":"https:\/\/jfb-stiftung.de\/st-klara-altoetting\/wp-json\/wp\/v2\/types\/post"}],"author":[{"embeddable":true,"href":"https:\/\/jfb-stiftung.de\/st-klara-altoetting\/wp-json\/wp\/v2\/users\/2"}],"replies":[{"embeddable":true,"href":"https:\/\/jfb-stiftung.de\/st-klara-altoetting\/wp-json\/wp\/v2\/comments?post=4624"}],"version-history":[{"count":0,"href":"https:\/\/jfb-stiftung.de\/st-klara-altoetting\/wp-json\/wp\/v2\/posts\/4624\/revisions"}],"wp:featuredmedia":[{"embeddable":true,"href":"https:\/\/jfb-stiftung.de\/st-klara-altoetting\/wp-json\/wp\/v2\/media\/4625"}],"wp:attachment":[{"href":"https:\/\/jfb-stiftung.de\/st-klara-altoetting\/wp-json\/wp\/v2\/media?parent=4624"}],"wp:term":[{"taxonomy":"category","embeddable":true,"href":"https:\/\/jfb-stiftung.de\/st-klara-altoetting\/wp-json\/wp\/v2\/categories?post=4624"},{"taxonomy":"post_tag","embeddable":true,"href":"https:\/\/jfb-stiftung.de\/st-klara-altoetting\/wp-json\/wp\/v2\/tags?post=4624"}],"curies":[{"name":"wp","href":"https:\/\/api.w.org\/{rel}","templated":true}]}}