{"id":4616,"date":"2024-05-16T12:37:06","date_gmt":"2024-05-16T10:37:06","guid":{"rendered":"https:\/\/jfb-stiftung.de\/st-klara-altoetting\/muttertagsfeier-mit-koestlichkeiten\/"},"modified":"2024-06-10T13:05:25","modified_gmt":"2024-06-10T11:05:25","slug":"muttertagsfeier-mit-koestlichkeiten","status":"publish","type":"post","link":"https:\/\/jfb-stiftung.de\/st-klara-altoetting\/muttertagsfeier-mit-koestlichkeiten\/","title":{"rendered":"Muttertagsfeier mit K\u00f6stlichkeiten"},"content":{"rendered":"<p>Bekanntlich geht nichts \u00fcber ein St\u00fcck selbstgemachten Kuchen, der am besten noch so schmeckt, wie er von einem selbst zubereitet wurde. Und so ein, im wahrsten Sinne des Wortes, Sahnest\u00fcckchen zu finden, ist bekanntlich heutzutage nicht mehr ganz so einfach. Doch das Klaraheim organsierte einen k\u00f6stlichen selbstgemachten Erbeerkuchen (mit oder ohne Sahne, je nach Belieben) f\u00fcr die Damen des Hauses anl\u00e4sslich ihres Ehrentages. Neben Klatsch und Tratsch am Dienstag, den 14.05.2024 zu Tisch, bewegte Hausmusiker \u201eMartl\u201c mit seinen stimmungsvollen Lieder die ein oder andere Dame dazu, das Tanzbein zu schwingen oder textsicher mitzusingen.<\/p>\n<p><img fetchpriority=\"high\" decoding=\"async\" class=\" wp-image-4619 alignnone\" src=\"https:\/\/jfb-stiftung.de\/st-klara-altoetting\/wp-content\/uploads\/sites\/10\/2024\/06\/Muttertagsfeier-2024-Erdbeerkuchen.jpg\" alt=\"\" width=\"404\" height=\"269\" srcset=\"https:\/\/jfb-stiftung.de\/st-klara-altoetting\/wp-content\/uploads\/sites\/10\/2024\/06\/Muttertagsfeier-2024-Erdbeerkuchen.jpg 1000w, https:\/\/jfb-stiftung.de\/st-klara-altoetting\/wp-content\/uploads\/sites\/10\/2024\/06\/Muttertagsfeier-2024-Erdbeerkuchen-768x512.jpg 768w\" sizes=\"(max-width: 404px) 100vw, 404px\" \/> <img decoding=\"async\" class=\" wp-image-4618 alignnone\" src=\"https:\/\/jfb-stiftung.de\/st-klara-altoetting\/wp-content\/uploads\/sites\/10\/2024\/06\/Martl-Muttertagsfeier-AOe.jpg\" alt=\"\" width=\"407\" height=\"271\" srcset=\"https:\/\/jfb-stiftung.de\/st-klara-altoetting\/wp-content\/uploads\/sites\/10\/2024\/06\/Martl-Muttertagsfeier-AOe.jpg 1000w, https:\/\/jfb-stiftung.de\/st-klara-altoetting\/wp-content\/uploads\/sites\/10\/2024\/06\/Martl-Muttertagsfeier-AOe-768x512.jpg 768w\" sizes=\"(max-width: 407px) 100vw, 407px\" \/><\/p>\n","protected":false},"excerpt":{"rendered":"<p>Bekanntlich geht nichts \u00fcber ein St\u00fcck selbstgemachten Kuchen, der am besten noch so schmeckt, wie er von einem selbst zubereitet wurde. Und so ein, im wahrsten Sinne des Wortes, Sahnest\u00fcckchen \u2026<\/p>\n","protected":false},"author":2,"featured_media":4620,"comment_status":"closed","ping_status":"closed","sticky":false,"template":"","format":"standard","meta":{"_acf_changed":false,"footnotes":""},"categories":[32],"tags":[],"class_list":["post-4616","post","type-post","status-publish","format-standard","has-post-thumbnail","hentry","category-st-klara-altoetting-news"],"acf":[],"publishpress_future_action":{"enabled":false,"date":"2026-05-06 07:53:06","action":"change-status","newStatus":"draft","terms":[],"taxonomy":"category","extraData":[]},"publishpress_future_workflow_manual_trigger":{"enabledWorkflows":[]},"_links":{"self":[{"href":"https:\/\/jfb-stiftung.de\/st-klara-altoetting\/wp-json\/wp\/v2\/posts\/4616","targetHints":{"allow":["GET"]}}],"collection":[{"href":"https:\/\/jfb-stiftung.de\/st-klara-altoetting\/wp-json\/wp\/v2\/posts"}],"about":[{"href":"https:\/\/jfb-stiftung.de\/st-klara-altoetting\/wp-json\/wp\/v2\/types\/post"}],"author":[{"embeddable":true,"href":"https:\/\/jfb-stiftung.de\/st-klara-altoetting\/wp-json\/wp\/v2\/users\/2"}],"replies":[{"embeddable":true,"href":"https:\/\/jfb-stiftung.de\/st-klara-altoetting\/wp-json\/wp\/v2\/comments?post=4616"}],"version-history":[{"count":0,"href":"https:\/\/jfb-stiftung.de\/st-klara-altoetting\/wp-json\/wp\/v2\/posts\/4616\/revisions"}],"wp:featuredmedia":[{"embeddable":true,"href":"https:\/\/jfb-stiftung.de\/st-klara-altoetting\/wp-json\/wp\/v2\/media\/4620"}],"wp:attachment":[{"href":"https:\/\/jfb-stiftung.de\/st-klara-altoetting\/wp-json\/wp\/v2\/media?parent=4616"}],"wp:term":[{"taxonomy":"category","embeddable":true,"href":"https:\/\/jfb-stiftung.de\/st-klara-altoetting\/wp-json\/wp\/v2\/categories?post=4616"},{"taxonomy":"post_tag","embeddable":true,"href":"https:\/\/jfb-stiftung.de\/st-klara-altoetting\/wp-json\/wp\/v2\/tags?post=4616"}],"curies":[{"name":"wp","href":"https:\/\/api.w.org\/{rel}","templated":true}]}}