{"id":4579,"date":"2024-04-23T13:29:35","date_gmt":"2024-04-23T11:29:35","guid":{"rendered":"https:\/\/jfb-stiftung.de\/st-klara-altoetting\/tanzcafe-mit-livemusik\/"},"modified":"2024-04-23T13:30:19","modified_gmt":"2024-04-23T11:30:19","slug":"tanzcafe-mit-livemusik","status":"publish","type":"post","link":"https:\/\/jfb-stiftung.de\/st-klara-altoetting\/tanzcafe-mit-livemusik\/","title":{"rendered":"Tanzcaf\u00e8 mit Livemusik"},"content":{"rendered":"<p>Ob Damenkr\u00e4nzchen, M\u00e4nnerstammtisch oder eben auch das Tanzcaf\u00e9 &#8211; im Klaraheim wird darauf Wert gelegt, dass sich keiner langweilt und jeder der Lust hat, sich an verschiedenen Aktionen beteiligen kann. Beliebt bei allen: Das etwa alle zwei Monate stattfindenden Tanzcaf\u00e9 in der Aula, denn dort gibt es neben jeder Menge Spa\u00df auch immer ein besonderes Highlight: n\u00e4mlich tolle Livemusik, die daf\u00fcr sorgt, dass kein Fu\u00df mehr still stehen kann. Das Musikerduo \u201eDe Zwoa\u201c haben ein Gesp\u00fcr f\u00fcr die W\u00fcnsche der Besucher*innen des Tanzcaf\u00e9s und sorgen f\u00fcr gute Stimmung und vor allem f\u00fcr tanzbare Musik. Und sogar die nicht mehr ganz so fitten Bewohner*innen im Klaraheim, die auf den Rollstuhl angewiesen sind, lassen sich das Tanzcaf\u00e9 nicht entgehen. Der Frauen\u00fcberschuss ist nicht zu leugnen, aber die engagierten Mitarbeiter*innen springen gerne ein, wenn ein Tanzpartner gesucht wird. Spa\u00df haben alle, die Bewohner*innen des Klaraheims und auch die Mitarbeiter*innen. Obendrauf gab es f\u00fcr alle Damen und Herren noch eine kleine \u00dcberraschung: Eine rote Rose. Dar\u00fcber freuten sich alle sehr und eines ist klar: Das n\u00e4chste Tanzcaf\u00e9 wird sicher wieder so gut besucht werden.<\/p>\n<p><img fetchpriority=\"high\" decoding=\"async\" class=\"aligncenter wp-image-4580\" src=\"https:\/\/jfb-stiftung.de\/st-klara-altoetting\/wp-content\/uploads\/sites\/10\/2024\/04\/Tanzcafe-AOe-1000x667.jpg\" alt=\"\" width=\"714\" height=\"476\" srcset=\"https:\/\/jfb-stiftung.de\/st-klara-altoetting\/wp-content\/uploads\/sites\/10\/2024\/04\/Tanzcafe-AOe-1000x667.jpg 1000w, https:\/\/jfb-stiftung.de\/st-klara-altoetting\/wp-content\/uploads\/sites\/10\/2024\/04\/Tanzcafe-AOe-768x512.jpg 768w, https:\/\/jfb-stiftung.de\/st-klara-altoetting\/wp-content\/uploads\/sites\/10\/2024\/04\/Tanzcafe-AOe.jpg 1500w\" sizes=\"(max-width: 714px) 100vw, 714px\" \/><\/p>\n","protected":false},"excerpt":{"rendered":"<p>Ob Damenkr\u00e4nzchen, M\u00e4nnerstammtisch oder eben auch das Tanzcaf\u00e9 &#8211; im Klaraheim wird darauf Wert gelegt, dass sich keiner langweilt und jeder der Lust hat, sich an verschiedenen Aktionen beteiligen kann. \u2026<\/p>\n","protected":false},"author":2,"featured_media":4581,"comment_status":"closed","ping_status":"closed","sticky":false,"template":"","format":"standard","meta":{"_acf_changed":false,"footnotes":""},"categories":[32],"tags":[],"class_list":["post-4579","post","type-post","status-publish","format-standard","has-post-thumbnail","hentry","category-st-klara-altoetting-news"],"acf":[],"publishpress_future_action":{"enabled":false,"date":"2026-05-06 07:58:16","action":"change-status","newStatus":"draft","terms":[],"taxonomy":"category","extraData":[]},"publishpress_future_workflow_manual_trigger":{"enabledWorkflows":[]},"_links":{"self":[{"href":"https:\/\/jfb-stiftung.de\/st-klara-altoetting\/wp-json\/wp\/v2\/posts\/4579","targetHints":{"allow":["GET"]}}],"collection":[{"href":"https:\/\/jfb-stiftung.de\/st-klara-altoetting\/wp-json\/wp\/v2\/posts"}],"about":[{"href":"https:\/\/jfb-stiftung.de\/st-klara-altoetting\/wp-json\/wp\/v2\/types\/post"}],"author":[{"embeddable":true,"href":"https:\/\/jfb-stiftung.de\/st-klara-altoetting\/wp-json\/wp\/v2\/users\/2"}],"replies":[{"embeddable":true,"href":"https:\/\/jfb-stiftung.de\/st-klara-altoetting\/wp-json\/wp\/v2\/comments?post=4579"}],"version-history":[{"count":0,"href":"https:\/\/jfb-stiftung.de\/st-klara-altoetting\/wp-json\/wp\/v2\/posts\/4579\/revisions"}],"wp:featuredmedia":[{"embeddable":true,"href":"https:\/\/jfb-stiftung.de\/st-klara-altoetting\/wp-json\/wp\/v2\/media\/4581"}],"wp:attachment":[{"href":"https:\/\/jfb-stiftung.de\/st-klara-altoetting\/wp-json\/wp\/v2\/media?parent=4579"}],"wp:term":[{"taxonomy":"category","embeddable":true,"href":"https:\/\/jfb-stiftung.de\/st-klara-altoetting\/wp-json\/wp\/v2\/categories?post=4579"},{"taxonomy":"post_tag","embeddable":true,"href":"https:\/\/jfb-stiftung.de\/st-klara-altoetting\/wp-json\/wp\/v2\/tags?post=4579"}],"curies":[{"name":"wp","href":"https:\/\/api.w.org\/{rel}","templated":true}]}}