{"id":4562,"date":"2024-04-12T08:20:30","date_gmt":"2024-04-12T06:20:30","guid":{"rendered":"https:\/\/jfb-stiftung.de\/st-klara-altoetting\/?p=4562"},"modified":"2024-04-12T08:46:31","modified_gmt":"2024-04-12T06:46:31","slug":"singend-ins-fruehjahr-starten","status":"publish","type":"post","link":"https:\/\/jfb-stiftung.de\/st-klara-altoetting\/singend-ins-fruehjahr-starten\/","title":{"rendered":"Singend ins Fr\u00fchjahr starten"},"content":{"rendered":"<p>Im Klaraheim werden viele Feste gefeiert. Mindestens 3x Mal im Monat geht es ausgelassen zu, sei es beim Tanzcaf\u00e9, dem Damenkr\u00e4nzchen oder dem M\u00e4nnerstammtisch. Angeboten werden auch immer wieder gr\u00f6\u00dfere Veranstaltungen wie das beliebte Fr\u00fchjahrskonzert. Es geh\u00f6rt einfach dazu, genauso wie das gro\u00dfe Sommerfest in der Parkanlage, das Oktoberfest und viele kleine und gro\u00dfe Feste mehr. Deshalb keine Frage f\u00fcr die Damen und Herren zusammen der Musik von \u201eMusi Mani\u201c zu lauschen oder gleich das Tanzbein zu schwingen. Selbstverst\u00e4ndlich ist mitsingen ausdr\u00fccklich erw\u00fcnscht, denn Martl hat neben Evergreens auch traditionelle bayrische Volkslieder im Repertoire, die immer gut ankommen. F\u00fcr einen erfrischenden Drink ist auch immer gesorgt. So wird der Start in den Fr\u00fchling nicht nur durch die vielen bl\u00fchenden Blumen im Garten vers\u00fc\u00dft, sondern eben auch durch ein Fest mit Musik, Tanz und guter Stimmung.<\/p>\n<p><img fetchpriority=\"high\" decoding=\"async\" class=\" wp-image-4563 alignnone\" src=\"https:\/\/jfb-stiftung.de\/st-klara-altoetting\/wp-content\/uploads\/sites\/10\/2024\/04\/Fruehjahrskonzert-Klara-1000x667.jpg\" alt=\"\" width=\"481\" height=\"321\" srcset=\"https:\/\/jfb-stiftung.de\/st-klara-altoetting\/wp-content\/uploads\/sites\/10\/2024\/04\/Fruehjahrskonzert-Klara-1000x667.jpg 1000w, https:\/\/jfb-stiftung.de\/st-klara-altoetting\/wp-content\/uploads\/sites\/10\/2024\/04\/Fruehjahrskonzert-Klara-768x512.jpg 768w, https:\/\/jfb-stiftung.de\/st-klara-altoetting\/wp-content\/uploads\/sites\/10\/2024\/04\/Fruehjahrskonzert-Klara.jpg 1500w\" sizes=\"(max-width: 481px) 100vw, 481px\" \/> <img decoding=\"async\" class=\" wp-image-4564 alignnone\" src=\"https:\/\/jfb-stiftung.de\/st-klara-altoetting\/wp-content\/uploads\/sites\/10\/2024\/04\/Konzert-am-Tisch-1000x667.jpg\" alt=\"\" width=\"479\" height=\"319\" srcset=\"https:\/\/jfb-stiftung.de\/st-klara-altoetting\/wp-content\/uploads\/sites\/10\/2024\/04\/Konzert-am-Tisch-1000x667.jpg 1000w, https:\/\/jfb-stiftung.de\/st-klara-altoetting\/wp-content\/uploads\/sites\/10\/2024\/04\/Konzert-am-Tisch-768x512.jpg 768w, https:\/\/jfb-stiftung.de\/st-klara-altoetting\/wp-content\/uploads\/sites\/10\/2024\/04\/Konzert-am-Tisch.jpg 1500w\" sizes=\"(max-width: 479px) 100vw, 479px\" \/><\/p>\n","protected":false},"excerpt":{"rendered":"<p>Im Klaraheim werden viele Feste gefeiert. Mindestens 3x Mal im Monat geht es ausgelassen zu, sei es beim Tanzcaf\u00e9, dem Damenkr\u00e4nzchen oder dem M\u00e4nnerstammtisch. Angeboten werden auch immer wieder gr\u00f6\u00dfere \u2026<\/p>\n","protected":false},"author":2,"featured_media":4565,"comment_status":"closed","ping_status":"closed","sticky":false,"template":"","format":"standard","meta":{"_acf_changed":false,"footnotes":""},"categories":[32],"tags":[],"class_list":["post-4562","post","type-post","status-publish","format-standard","has-post-thumbnail","hentry","category-st-klara-altoetting-news"],"acf":[],"publishpress_future_action":{"enabled":false,"date":"2026-05-06 08:02:22","action":"change-status","newStatus":"draft","terms":[],"taxonomy":"category","extraData":[]},"publishpress_future_workflow_manual_trigger":{"enabledWorkflows":[]},"_links":{"self":[{"href":"https:\/\/jfb-stiftung.de\/st-klara-altoetting\/wp-json\/wp\/v2\/posts\/4562","targetHints":{"allow":["GET"]}}],"collection":[{"href":"https:\/\/jfb-stiftung.de\/st-klara-altoetting\/wp-json\/wp\/v2\/posts"}],"about":[{"href":"https:\/\/jfb-stiftung.de\/st-klara-altoetting\/wp-json\/wp\/v2\/types\/post"}],"author":[{"embeddable":true,"href":"https:\/\/jfb-stiftung.de\/st-klara-altoetting\/wp-json\/wp\/v2\/users\/2"}],"replies":[{"embeddable":true,"href":"https:\/\/jfb-stiftung.de\/st-klara-altoetting\/wp-json\/wp\/v2\/comments?post=4562"}],"version-history":[{"count":0,"href":"https:\/\/jfb-stiftung.de\/st-klara-altoetting\/wp-json\/wp\/v2\/posts\/4562\/revisions"}],"wp:featuredmedia":[{"embeddable":true,"href":"https:\/\/jfb-stiftung.de\/st-klara-altoetting\/wp-json\/wp\/v2\/media\/4565"}],"wp:attachment":[{"href":"https:\/\/jfb-stiftung.de\/st-klara-altoetting\/wp-json\/wp\/v2\/media?parent=4562"}],"wp:term":[{"taxonomy":"category","embeddable":true,"href":"https:\/\/jfb-stiftung.de\/st-klara-altoetting\/wp-json\/wp\/v2\/categories?post=4562"},{"taxonomy":"post_tag","embeddable":true,"href":"https:\/\/jfb-stiftung.de\/st-klara-altoetting\/wp-json\/wp\/v2\/tags?post=4562"}],"curies":[{"name":"wp","href":"https:\/\/api.w.org\/{rel}","templated":true}]}}