{"id":4537,"date":"2024-03-25T10:11:14","date_gmt":"2024-03-25T09:11:14","guid":{"rendered":"https:\/\/jfb-stiftung.de\/st-klara-altoetting\/gemeinsam-palmbuschen-binden\/"},"modified":"2024-03-25T10:11:14","modified_gmt":"2024-03-25T09:11:14","slug":"gemeinsam-palmbuschen-binden","status":"publish","type":"post","link":"https:\/\/jfb-stiftung.de\/st-klara-altoetting\/gemeinsam-palmbuschen-binden\/","title":{"rendered":"Gemeinsam Palmbuschen binden"},"content":{"rendered":"<p>Der letzte Sonntag vor Ostern, der Palmsonntag, er\u00f6ffnet die Karwoche, die wichtigste Woche des katholischen Kirchenjahres. Zu den Besonderheiten des Palmsonntags geh\u00f6rt die Palmprozession. Palmbuschen sollen an die Palmzweige erinnern, mit denen die Menschen damals Jesus zujubelten und ihn als Retter Israels feierten.\u00a0 Bei uns im Klaraheim hat das gemeinsame Palmbuschbinden eine lange Tradition und beim gemeinsamen Binden der gr\u00fcnen Zweige und anschlie\u00dfendem dekorieren mit bunten B\u00e4ndern und Eiern kommt auch der Spa\u00df nicht zu kurz. Gerne fertigten die Mitarbeiter*innen der sozialen Betreuung am Donnerstag, den 21.03.2024 zusammen mit den Bewohner*innen wundersch\u00f6ne Palmbuschen an. Gebunden und dekoriert wurde auch im Tagespflegezentrum Alt\u00f6tting. Feierlich geweiht wurden die Palmbuschen beim Freitagsgottesdienst von Pr\u00e4lat Mandl, der auch gerne bereit war, die Palmbuschen des Tagespflegezentrums zu weihen.<\/p>\n<p><img fetchpriority=\"high\" decoding=\"async\" class=\" wp-image-4543 alignnone\" src=\"https:\/\/jfb-stiftung.de\/st-klara-altoetting\/wp-content\/uploads\/sites\/10\/2024\/03\/Gottesdienst-Palmbuesche-1000x667.jpg\" alt=\"\" width=\"455\" height=\"303\" srcset=\"https:\/\/jfb-stiftung.de\/st-klara-altoetting\/wp-content\/uploads\/sites\/10\/2024\/03\/Gottesdienst-Palmbuesche-1000x667.jpg 1000w, https:\/\/jfb-stiftung.de\/st-klara-altoetting\/wp-content\/uploads\/sites\/10\/2024\/03\/Gottesdienst-Palmbuesche-768x512.jpg 768w, https:\/\/jfb-stiftung.de\/st-klara-altoetting\/wp-content\/uploads\/sites\/10\/2024\/03\/Gottesdienst-Palmbuesche.jpg 1500w\" sizes=\"(max-width: 455px) 100vw, 455px\" \/> <img decoding=\"async\" class=\" wp-image-4542 alignnone\" src=\"https:\/\/jfb-stiftung.de\/st-klara-altoetting\/wp-content\/uploads\/sites\/10\/2024\/03\/Gottesdienst-1000x667.jpg\" alt=\"\" width=\"455\" height=\"303\" srcset=\"https:\/\/jfb-stiftung.de\/st-klara-altoetting\/wp-content\/uploads\/sites\/10\/2024\/03\/Gottesdienst-1000x667.jpg 1000w, https:\/\/jfb-stiftung.de\/st-klara-altoetting\/wp-content\/uploads\/sites\/10\/2024\/03\/Gottesdienst-1500x1000.jpg 1500w, https:\/\/jfb-stiftung.de\/st-klara-altoetting\/wp-content\/uploads\/sites\/10\/2024\/03\/Gottesdienst-768x512.jpg 768w, https:\/\/jfb-stiftung.de\/st-klara-altoetting\/wp-content\/uploads\/sites\/10\/2024\/03\/Gottesdienst-1536x1024.jpg 1536w, https:\/\/jfb-stiftung.de\/st-klara-altoetting\/wp-content\/uploads\/sites\/10\/2024\/03\/Gottesdienst.jpg 2000w\" sizes=\"(max-width: 455px) 100vw, 455px\" \/> <img decoding=\"async\" class=\" wp-image-4541 alignnone\" src=\"https:\/\/jfb-stiftung.de\/st-klara-altoetting\/wp-content\/uploads\/sites\/10\/2024\/03\/Bild-7-750x1000.jpg\" alt=\"\" width=\"233\" height=\"311\" srcset=\"https:\/\/jfb-stiftung.de\/st-klara-altoetting\/wp-content\/uploads\/sites\/10\/2024\/03\/Bild-7-750x1000.jpg 750w, https:\/\/jfb-stiftung.de\/st-klara-altoetting\/wp-content\/uploads\/sites\/10\/2024\/03\/Bild-7-900x1200.jpg 900w, https:\/\/jfb-stiftung.de\/st-klara-altoetting\/wp-content\/uploads\/sites\/10\/2024\/03\/Bild-7-768x1024.jpg 768w, https:\/\/jfb-stiftung.de\/st-klara-altoetting\/wp-content\/uploads\/sites\/10\/2024\/03\/Bild-7-1152x1536.jpg 1152w, https:\/\/jfb-stiftung.de\/st-klara-altoetting\/wp-content\/uploads\/sites\/10\/2024\/03\/Bild-7.jpg 1200w\" sizes=\"(max-width: 233px) 100vw, 233px\" \/> <img loading=\"lazy\" decoding=\"async\" class=\" wp-image-4540 alignnone\" src=\"https:\/\/jfb-stiftung.de\/st-klara-altoetting\/wp-content\/uploads\/sites\/10\/2024\/03\/Bild-4-750x1000.jpg\" alt=\"\" width=\"216\" height=\"288\" srcset=\"https:\/\/jfb-stiftung.de\/st-klara-altoetting\/wp-content\/uploads\/sites\/10\/2024\/03\/Bild-4-750x1000.jpg 750w, https:\/\/jfb-stiftung.de\/st-klara-altoetting\/wp-content\/uploads\/sites\/10\/2024\/03\/Bild-4-900x1200.jpg 900w, https:\/\/jfb-stiftung.de\/st-klara-altoetting\/wp-content\/uploads\/sites\/10\/2024\/03\/Bild-4-768x1024.jpg 768w, https:\/\/jfb-stiftung.de\/st-klara-altoetting\/wp-content\/uploads\/sites\/10\/2024\/03\/Bild-4-1152x1536.jpg 1152w, https:\/\/jfb-stiftung.de\/st-klara-altoetting\/wp-content\/uploads\/sites\/10\/2024\/03\/Bild-4.jpg 1200w\" sizes=\"(max-width: 216px) 100vw, 216px\" \/> <img loading=\"lazy\" decoding=\"async\" class=\" wp-image-4539 alignnone\" src=\"https:\/\/jfb-stiftung.de\/st-klara-altoetting\/wp-content\/uploads\/sites\/10\/2024\/03\/Palmbusch-TP-1000x667.jpg\" alt=\"\" width=\"435\" height=\"290\" srcset=\"https:\/\/jfb-stiftung.de\/st-klara-altoetting\/wp-content\/uploads\/sites\/10\/2024\/03\/Palmbusch-TP-1000x667.jpg 1000w, https:\/\/jfb-stiftung.de\/st-klara-altoetting\/wp-content\/uploads\/sites\/10\/2024\/03\/Palmbusch-TP-768x512.jpg 768w, https:\/\/jfb-stiftung.de\/st-klara-altoetting\/wp-content\/uploads\/sites\/10\/2024\/03\/Palmbusch-TP.jpg 1500w\" sizes=\"(max-width: 435px) 100vw, 435px\" \/> <img loading=\"lazy\" decoding=\"async\" class=\" wp-image-4538 alignnone\" src=\"https:\/\/jfb-stiftung.de\/st-klara-altoetting\/wp-content\/uploads\/sites\/10\/2024\/03\/Palmbuesche-1000x667.jpg\" alt=\"\" width=\"440\" height=\"294\" srcset=\"https:\/\/jfb-stiftung.de\/st-klara-altoetting\/wp-content\/uploads\/sites\/10\/2024\/03\/Palmbuesche-1000x667.jpg 1000w, https:\/\/jfb-stiftung.de\/st-klara-altoetting\/wp-content\/uploads\/sites\/10\/2024\/03\/Palmbuesche-768x512.jpg 768w, https:\/\/jfb-stiftung.de\/st-klara-altoetting\/wp-content\/uploads\/sites\/10\/2024\/03\/Palmbuesche.jpg 1500w\" sizes=\"(max-width: 440px) 100vw, 440px\" \/><\/p>\n","protected":false},"excerpt":{"rendered":"<p>Der letzte Sonntag vor Ostern, der Palmsonntag, er\u00f6ffnet die Karwoche, die wichtigste Woche des katholischen Kirchenjahres. Zu den Besonderheiten des Palmsonntags geh\u00f6rt die Palmprozession. Palmbuschen sollen an die Palmzweige erinnern, \u2026<\/p>\n","protected":false},"author":2,"featured_media":4544,"comment_status":"closed","ping_status":"closed","sticky":false,"template":"","format":"standard","meta":{"_acf_changed":false,"footnotes":""},"categories":[32],"tags":[],"class_list":["post-4537","post","type-post","status-publish","format-standard","has-post-thumbnail","hentry","category-st-klara-altoetting-news"],"acf":[],"publishpress_future_action":{"enabled":false,"date":"2026-05-06 07:53:06","action":"change-status","newStatus":"draft","terms":[],"taxonomy":"category","extraData":[]},"publishpress_future_workflow_manual_trigger":{"enabledWorkflows":[]},"_links":{"self":[{"href":"https:\/\/jfb-stiftung.de\/st-klara-altoetting\/wp-json\/wp\/v2\/posts\/4537","targetHints":{"allow":["GET"]}}],"collection":[{"href":"https:\/\/jfb-stiftung.de\/st-klara-altoetting\/wp-json\/wp\/v2\/posts"}],"about":[{"href":"https:\/\/jfb-stiftung.de\/st-klara-altoetting\/wp-json\/wp\/v2\/types\/post"}],"author":[{"embeddable":true,"href":"https:\/\/jfb-stiftung.de\/st-klara-altoetting\/wp-json\/wp\/v2\/users\/2"}],"replies":[{"embeddable":true,"href":"https:\/\/jfb-stiftung.de\/st-klara-altoetting\/wp-json\/wp\/v2\/comments?post=4537"}],"version-history":[{"count":0,"href":"https:\/\/jfb-stiftung.de\/st-klara-altoetting\/wp-json\/wp\/v2\/posts\/4537\/revisions"}],"wp:featuredmedia":[{"embeddable":true,"href":"https:\/\/jfb-stiftung.de\/st-klara-altoetting\/wp-json\/wp\/v2\/media\/4544"}],"wp:attachment":[{"href":"https:\/\/jfb-stiftung.de\/st-klara-altoetting\/wp-json\/wp\/v2\/media?parent=4537"}],"wp:term":[{"taxonomy":"category","embeddable":true,"href":"https:\/\/jfb-stiftung.de\/st-klara-altoetting\/wp-json\/wp\/v2\/categories?post=4537"},{"taxonomy":"post_tag","embeddable":true,"href":"https:\/\/jfb-stiftung.de\/st-klara-altoetting\/wp-json\/wp\/v2\/tags?post=4537"}],"curies":[{"name":"wp","href":"https:\/\/api.w.org\/{rel}","templated":true}]}}