{"id":4530,"date":"2024-03-24T10:38:51","date_gmt":"2024-03-24T09:38:51","guid":{"rendered":"https:\/\/jfb-stiftung.de\/st-klara-altoetting\/fruehlingsfest-mit-musik\/"},"modified":"2024-03-25T09:39:24","modified_gmt":"2024-03-25T08:39:24","slug":"fruehlingsfest-mit-musik","status":"publish","type":"post","link":"https:\/\/jfb-stiftung.de\/st-klara-altoetting\/fruehlingsfest-mit-musik\/","title":{"rendered":"Fr\u00fchlingsfest mit Musik"},"content":{"rendered":"<p>Auch wenn der Sonnenschein sich nicht so zeigt wie \u00fcblich und die Temperaturen doch sehr schwanken erfreuen uns \u00fcberall die Krokusse, Osterglocken und Co. in den G\u00e4rten. Einen Tag vor dem kalendarischen Fr\u00fchlingsbeginn, n\u00e4mlich am Dienstag den 19.03.2024, wurde im Klaraheim das liebgewonnene und traditionelle kleine Fr\u00fchlingsfest gefeiert. Im Festsaal wurden die Tische passend zum Fr\u00fchlingsanfang dekoriert und sch\u00f6ne Fr\u00fchlingsstr\u00e4u\u00dfe erfreuten die Bewohner*innen. G\u00e4ste aus der Tagespflege Alt\u00f6tting nahmen die Einladung zum Fr\u00fchlingsfest auch gerne an und lie\u00dfen sich den leckeren Kuchen und den guten Kaffee schmecken. F\u00fcr Stimmung sorgte der beliebte Alleinunterhalter &#8222;Martl&#8220;, der bekannte\u00a0Tanz- und Schunkellieder spielte. Ein gelungenes Fest zudem sich, passend zum Fr\u00fchlingsmotto, auch die Sonne ein wenig zeigte.<\/p>\n<p><img fetchpriority=\"high\" decoding=\"async\" class=\" wp-image-4531 alignnone\" src=\"https:\/\/jfb-stiftung.de\/st-klara-altoetting\/wp-content\/uploads\/sites\/10\/2024\/03\/Fruehlingsfest-3-1000x667.jpg\" alt=\"\" width=\"410\" height=\"273\" srcset=\"https:\/\/jfb-stiftung.de\/st-klara-altoetting\/wp-content\/uploads\/sites\/10\/2024\/03\/Fruehlingsfest-3-1000x667.jpg 1000w, https:\/\/jfb-stiftung.de\/st-klara-altoetting\/wp-content\/uploads\/sites\/10\/2024\/03\/Fruehlingsfest-3-768x512.jpg 768w, https:\/\/jfb-stiftung.de\/st-klara-altoetting\/wp-content\/uploads\/sites\/10\/2024\/03\/Fruehlingsfest-3.jpg 1500w\" sizes=\"(max-width: 410px) 100vw, 410px\" \/> <img decoding=\"async\" class=\" wp-image-4532 alignnone\" src=\"https:\/\/jfb-stiftung.de\/st-klara-altoetting\/wp-content\/uploads\/sites\/10\/2024\/03\/Fruehlingsfest-1-1000x667.jpg\" alt=\"\" width=\"408\" height=\"272\" srcset=\"https:\/\/jfb-stiftung.de\/st-klara-altoetting\/wp-content\/uploads\/sites\/10\/2024\/03\/Fruehlingsfest-1-1000x667.jpg 1000w, https:\/\/jfb-stiftung.de\/st-klara-altoetting\/wp-content\/uploads\/sites\/10\/2024\/03\/Fruehlingsfest-1-768x512.jpg 768w, https:\/\/jfb-stiftung.de\/st-klara-altoetting\/wp-content\/uploads\/sites\/10\/2024\/03\/Fruehlingsfest-1.jpg 1500w\" sizes=\"(max-width: 408px) 100vw, 408px\" \/><\/p>\n","protected":false},"excerpt":{"rendered":"<p>Auch wenn der Sonnenschein sich nicht so zeigt wie \u00fcblich und die Temperaturen doch sehr schwanken erfreuen uns \u00fcberall die Krokusse, Osterglocken und Co. in den G\u00e4rten. Einen Tag vor \u2026<\/p>\n","protected":false},"author":2,"featured_media":4533,"comment_status":"closed","ping_status":"closed","sticky":false,"template":"","format":"standard","meta":{"_acf_changed":false,"footnotes":""},"categories":[32],"tags":[],"class_list":["post-4530","post","type-post","status-publish","format-standard","has-post-thumbnail","hentry","category-st-klara-altoetting-news"],"acf":[],"publishpress_future_action":{"enabled":false,"date":"2026-05-06 07:52:33","action":"change-status","newStatus":"draft","terms":[],"taxonomy":"category","extraData":[]},"publishpress_future_workflow_manual_trigger":{"enabledWorkflows":[]},"_links":{"self":[{"href":"https:\/\/jfb-stiftung.de\/st-klara-altoetting\/wp-json\/wp\/v2\/posts\/4530","targetHints":{"allow":["GET"]}}],"collection":[{"href":"https:\/\/jfb-stiftung.de\/st-klara-altoetting\/wp-json\/wp\/v2\/posts"}],"about":[{"href":"https:\/\/jfb-stiftung.de\/st-klara-altoetting\/wp-json\/wp\/v2\/types\/post"}],"author":[{"embeddable":true,"href":"https:\/\/jfb-stiftung.de\/st-klara-altoetting\/wp-json\/wp\/v2\/users\/2"}],"replies":[{"embeddable":true,"href":"https:\/\/jfb-stiftung.de\/st-klara-altoetting\/wp-json\/wp\/v2\/comments?post=4530"}],"version-history":[{"count":0,"href":"https:\/\/jfb-stiftung.de\/st-klara-altoetting\/wp-json\/wp\/v2\/posts\/4530\/revisions"}],"wp:featuredmedia":[{"embeddable":true,"href":"https:\/\/jfb-stiftung.de\/st-klara-altoetting\/wp-json\/wp\/v2\/media\/4533"}],"wp:attachment":[{"href":"https:\/\/jfb-stiftung.de\/st-klara-altoetting\/wp-json\/wp\/v2\/media?parent=4530"}],"wp:term":[{"taxonomy":"category","embeddable":true,"href":"https:\/\/jfb-stiftung.de\/st-klara-altoetting\/wp-json\/wp\/v2\/categories?post=4530"},{"taxonomy":"post_tag","embeddable":true,"href":"https:\/\/jfb-stiftung.de\/st-klara-altoetting\/wp-json\/wp\/v2\/tags?post=4530"}],"curies":[{"name":"wp","href":"https:\/\/api.w.org\/{rel}","templated":true}]}}