{"id":4522,"date":"2024-03-13T12:39:30","date_gmt":"2024-03-13T11:39:30","guid":{"rendered":"https:\/\/jfb-stiftung.de\/st-klara-altoetting\/gesundheitskurse-gestartet\/"},"modified":"2024-03-13T12:42:17","modified_gmt":"2024-03-13T11:42:17","slug":"gesundheitskurs-gestartet","status":"publish","type":"post","link":"https:\/\/jfb-stiftung.de\/st-klara-altoetting\/gesundheitskurs-gestartet\/","title":{"rendered":"Gesundheitskurs gestartet"},"content":{"rendered":"<p>Direkt neben unserem Klaraheim bieten wir in der Residenz Chiara auch f\u00fcr alle r\u00fcstigen Seniorinnen und Senioren betreutes Wohnen an. Dort hat jetzt (am Dienstag, den 5.3.) einer unserer zweimal im Jahr stattfindenden Gesundheitskurse stattgefunden. Die Kursteilnehmer*innen waren mit Feuereifer dabei, denn gerade beim betreuten Wohnen ist es wichtiger denn je so gut es geht weiter im Alter mobil zu sein und damit auch die Selbstst\u00e4ndigkeit so lange als m\u00f6glich zu behalten. Und genau darum ging es im Kurs \u201eTritt sicher durchs Leben!\u201c. Zusammen mit der engagierten und auch zertifizierten Kursleiterin wurden anschaulich \u00dcbungen gezeigt, wie die k\u00f6rperliche Fitness, Kraft und auch das Gleichgewicht gest\u00e4rkt werden k\u00f6nnen und so wichtige Vorrausetzungen geschaffen werden, das sichere Gehen und damit die Mobilit\u00e4t im Alltag zu st\u00e4rken. Herzlichen Dank an die Kursleiterin, die \u00fcber den Sportverein Alt\u00f6tting zu uns in die Einrichtung kam, f\u00fcr ihre wertvollen Tipps und ihren tollen Kurs, der allen sichtlich Spa\u00df gemacht hat.<\/p>\n","protected":false},"excerpt":{"rendered":"<p>Direkt neben unserem Klaraheim bieten wir in der Residenz Chiara auch f\u00fcr alle r\u00fcstigen Seniorinnen und Senioren betreutes Wohnen an. Dort hat jetzt (am Dienstag, den 5.3.) einer unserer zweimal \u2026<\/p>\n","protected":false},"author":2,"featured_media":4523,"comment_status":"closed","ping_status":"closed","sticky":false,"template":"","format":"standard","meta":{"_acf_changed":false,"footnotes":""},"categories":[32],"tags":[],"class_list":["post-4522","post","type-post","status-publish","format-standard","has-post-thumbnail","hentry","category-st-klara-altoetting-news"],"acf":[],"publishpress_future_action":{"enabled":false,"date":"2026-05-06 07:58:23","action":"change-status","newStatus":"draft","terms":[],"taxonomy":"category","extraData":[]},"publishpress_future_workflow_manual_trigger":{"enabledWorkflows":[]},"_links":{"self":[{"href":"https:\/\/jfb-stiftung.de\/st-klara-altoetting\/wp-json\/wp\/v2\/posts\/4522","targetHints":{"allow":["GET"]}}],"collection":[{"href":"https:\/\/jfb-stiftung.de\/st-klara-altoetting\/wp-json\/wp\/v2\/posts"}],"about":[{"href":"https:\/\/jfb-stiftung.de\/st-klara-altoetting\/wp-json\/wp\/v2\/types\/post"}],"author":[{"embeddable":true,"href":"https:\/\/jfb-stiftung.de\/st-klara-altoetting\/wp-json\/wp\/v2\/users\/2"}],"replies":[{"embeddable":true,"href":"https:\/\/jfb-stiftung.de\/st-klara-altoetting\/wp-json\/wp\/v2\/comments?post=4522"}],"version-history":[{"count":0,"href":"https:\/\/jfb-stiftung.de\/st-klara-altoetting\/wp-json\/wp\/v2\/posts\/4522\/revisions"}],"wp:featuredmedia":[{"embeddable":true,"href":"https:\/\/jfb-stiftung.de\/st-klara-altoetting\/wp-json\/wp\/v2\/media\/4523"}],"wp:attachment":[{"href":"https:\/\/jfb-stiftung.de\/st-klara-altoetting\/wp-json\/wp\/v2\/media?parent=4522"}],"wp:term":[{"taxonomy":"category","embeddable":true,"href":"https:\/\/jfb-stiftung.de\/st-klara-altoetting\/wp-json\/wp\/v2\/categories?post=4522"},{"taxonomy":"post_tag","embeddable":true,"href":"https:\/\/jfb-stiftung.de\/st-klara-altoetting\/wp-json\/wp\/v2\/tags?post=4522"}],"curies":[{"name":"wp","href":"https:\/\/api.w.org\/{rel}","templated":true}]}}