{"id":4440,"date":"2024-02-15T11:09:14","date_gmt":"2024-02-15T10:09:14","guid":{"rendered":"https:\/\/jfb-stiftung.de\/st-klara-altoetting\/ffaschingsfeier-mit-abwechslungsreichem-programm\/"},"modified":"2024-02-15T11:09:14","modified_gmt":"2024-02-15T10:09:14","slug":"ffaschingsfeier-mit-abwechslungsreichem-programm","status":"publish","type":"post","link":"https:\/\/jfb-stiftung.de\/st-klara-altoetting\/ffaschingsfeier-mit-abwechslungsreichem-programm\/","title":{"rendered":"Faschingsfeier mit abwechslungsreichem Programm"},"content":{"rendered":"<p>Sehr viele Bewohner*innen des Klaraheims lie\u00dfen sich das tolle Faschingsprogramm, dass von den Kolleginnen der Sozialen Betreuung organisiert wurde, nicht entgehen. So fanden sich rund 60 gut gelaunte und teils kost\u00fcmierte N\u00e4rrinnen und Narren am Faschingsdienstag (13.2.2024) im gro\u00dfen Festsaal des Klaraheims ein. Gleich f\u00fcr gute Stimmung sorgte Alleinunterhalter Manfred Peretzki alias \u201eMusi-Mane\u201c der mit seinem Repertoire aus alten Schlagern, bei vielen nicht nur sch\u00f6ne Erinnerung aus vergangenen Zeiten hervorrief, sondern auch dazu f\u00fchrte, dass so manch einer gleich das Tanzbein schwang. Dieser gelungene Start wurde noch getoppt, als der Auftritt der M\u00fchldorfer Kindergarde mit Prinzenpaar und weiteren \u00fcber 30 Kindern folgte: Da wurde t\u00e4nzerisch erste Sahne geboten und den gro\u00dfartigen Darbietungen der jungen T\u00e4nzerinnen und T\u00e4nzern wurde von allen Seiten freudig zugejubelt. Auch freuten sich viele sehr \u00fcber den lebhaften Besuch der Kinder, die mit ihrem frischen Wind nat\u00fcrlich auch zur guten Stimmung beitrugen. Weiter wurden zahlreiche Faschingsorden verliehen, unter anderem an den Heimf\u00fcrsprecher Herrn Hans-J\u00fcrgen Grzesch. Zu traditionellen Krapfen und einer guten Tasse Kaffee am Mittag, lie\u00df es sich manch einer mit einem Gl\u00e4schen Sekt oder einem Glas selbstgemachter Bowle noch weiter gut gehen. Alle waren begeistert und hatten gro\u00dfen Spa\u00df. Recht herzlichen Dank, an die vielen flei\u00dfigen H\u00e4nde, die mitgeholfen haben diese Faschingsfeier zu organisieren und nat\u00fcrlich auch an die M\u00fchldorfer Kindergarde, deren Auftritt lange in Erinnerung bleiben wird.<\/p>\n<p><img fetchpriority=\"high\" decoding=\"async\" class=\"aligncenter  wp-image-4441\" src=\"https:\/\/jfb-stiftung.de\/st-klara-altoetting\/wp-content\/uploads\/sites\/10\/2024\/02\/Collage-Fasching-AOe-1000x594.png\" alt=\"\" width=\"617\" height=\"366\" srcset=\"https:\/\/jfb-stiftung.de\/st-klara-altoetting\/wp-content\/uploads\/sites\/10\/2024\/02\/Collage-Fasching-AOe-1000x594.png 1000w, https:\/\/jfb-stiftung.de\/st-klara-altoetting\/wp-content\/uploads\/sites\/10\/2024\/02\/Collage-Fasching-AOe-768x456.png 768w, https:\/\/jfb-stiftung.de\/st-klara-altoetting\/wp-content\/uploads\/sites\/10\/2024\/02\/Collage-Fasching-AOe.png 1500w\" sizes=\"(max-width: 617px) 100vw, 617px\" \/><\/p>\n","protected":false},"excerpt":{"rendered":"<p>Sehr viele Bewohner*innen des Klaraheims lie\u00dfen sich das tolle Faschingsprogramm, dass von den Kolleginnen der Sozialen Betreuung organisiert wurde, nicht entgehen. So fanden sich rund 60 gut gelaunte und teils \u2026<\/p>\n","protected":false},"author":2,"featured_media":4442,"comment_status":"closed","ping_status":"closed","sticky":false,"template":"","format":"standard","meta":{"_acf_changed":false,"footnotes":""},"categories":[32],"tags":[],"class_list":["post-4440","post","type-post","status-publish","format-standard","has-post-thumbnail","hentry","category-st-klara-altoetting-news"],"acf":[],"publishpress_future_action":{"enabled":false,"date":"2026-05-06 07:58:16","action":"change-status","newStatus":"draft","terms":[],"taxonomy":"category","extraData":[]},"publishpress_future_workflow_manual_trigger":{"enabledWorkflows":[]},"_links":{"self":[{"href":"https:\/\/jfb-stiftung.de\/st-klara-altoetting\/wp-json\/wp\/v2\/posts\/4440","targetHints":{"allow":["GET"]}}],"collection":[{"href":"https:\/\/jfb-stiftung.de\/st-klara-altoetting\/wp-json\/wp\/v2\/posts"}],"about":[{"href":"https:\/\/jfb-stiftung.de\/st-klara-altoetting\/wp-json\/wp\/v2\/types\/post"}],"author":[{"embeddable":true,"href":"https:\/\/jfb-stiftung.de\/st-klara-altoetting\/wp-json\/wp\/v2\/users\/2"}],"replies":[{"embeddable":true,"href":"https:\/\/jfb-stiftung.de\/st-klara-altoetting\/wp-json\/wp\/v2\/comments?post=4440"}],"version-history":[{"count":0,"href":"https:\/\/jfb-stiftung.de\/st-klara-altoetting\/wp-json\/wp\/v2\/posts\/4440\/revisions"}],"wp:featuredmedia":[{"embeddable":true,"href":"https:\/\/jfb-stiftung.de\/st-klara-altoetting\/wp-json\/wp\/v2\/media\/4442"}],"wp:attachment":[{"href":"https:\/\/jfb-stiftung.de\/st-klara-altoetting\/wp-json\/wp\/v2\/media?parent=4440"}],"wp:term":[{"taxonomy":"category","embeddable":true,"href":"https:\/\/jfb-stiftung.de\/st-klara-altoetting\/wp-json\/wp\/v2\/categories?post=4440"},{"taxonomy":"post_tag","embeddable":true,"href":"https:\/\/jfb-stiftung.de\/st-klara-altoetting\/wp-json\/wp\/v2\/tags?post=4440"}],"curies":[{"name":"wp","href":"https:\/\/api.w.org\/{rel}","templated":true}]}}