{"id":4431,"date":"2024-02-06T11:03:43","date_gmt":"2024-02-06T10:03:43","guid":{"rendered":"https:\/\/jfb-stiftung.de\/st-klara-altoetting\/ehrung-fuer-unsere-langjaehrigen-mitarbeiterinnen\/"},"modified":"2024-02-06T11:03:43","modified_gmt":"2024-02-06T10:03:43","slug":"ehrung-fuer-unsere-langjaehrigen-mitarbeiterinnen","status":"publish","type":"post","link":"https:\/\/jfb-stiftung.de\/st-klara-altoetting\/ehrung-fuer-unsere-langjaehrigen-mitarbeiterinnen\/","title":{"rendered":"Ehrung f\u00fcr unsere langj\u00e4hrigen Mitarbeiter*innen"},"content":{"rendered":"<p>Im Rahmen des diesj\u00e4hrigen Neujahrsempfangs am Mittwoch, den 10.01.2024 wurden im Klaraheim langj\u00e4hrige Mitarbeiter aus verschiedenen Bereichen wie Pflege, Haustechnik, K\u00fcche oder auch der sozialen Betreuung geehrt. In engem Austausch mit der Mitarbeitervertretung des Hauses (MAV) wurde vorab bei den Jubilaren nachgefragt, \u00fcber welches Pr\u00e4sent sie sich am meisten freuen w\u00fcrden. Gerne \u00fcberreichte Gesch\u00e4ftsbereichsleiter Georg Sigl-Lehner diese individuellen Geschenke mit ebenfalls individuellen Worten des Dankes an jeden Einzelnen. &#8222;Wir sind sehr stolz auf unser Team, die gute Stimmung und die vielen Mitarbeiter*innen, die uns schon so lange treu bleiben&#8220;, so Sigl-Lehner. Vorst\u00e4ndin Christa Lichtenegger hob in diesem Zusammenhang die au\u00dfergew\u00f6hnlich langen Betriebszugeh\u00f6rigkeiten des Klaraheims und das gute vertrauensvolle Klima unter den Mitarbeitern hervor. Auch sie bedankte sich recht herzlich bei den Jubilaren und w\u00fcnschte Ihnen weiter viel Freude bei ihrer t\u00e4glichen Arbeit.<\/p>\n","protected":false},"excerpt":{"rendered":"<p>Im Rahmen des diesj\u00e4hrigen Neujahrsempfangs am Mittwoch, den 10.01.2024 wurden im Klaraheim langj\u00e4hrige Mitarbeiter aus verschiedenen Bereichen wie Pflege, Haustechnik, K\u00fcche oder auch der sozialen Betreuung geehrt. In engem Austausch \u2026<\/p>\n","protected":false},"author":2,"featured_media":4432,"comment_status":"closed","ping_status":"closed","sticky":false,"template":"","format":"standard","meta":{"_acf_changed":false,"footnotes":""},"categories":[32],"tags":[],"class_list":["post-4431","post","type-post","status-publish","format-standard","has-post-thumbnail","hentry","category-st-klara-altoetting-news"],"acf":[],"publishpress_future_action":{"enabled":false,"date":"2026-05-06 08:03:32","action":"change-status","newStatus":"draft","terms":[],"taxonomy":"category","extraData":[]},"publishpress_future_workflow_manual_trigger":{"enabledWorkflows":[]},"_links":{"self":[{"href":"https:\/\/jfb-stiftung.de\/st-klara-altoetting\/wp-json\/wp\/v2\/posts\/4431","targetHints":{"allow":["GET"]}}],"collection":[{"href":"https:\/\/jfb-stiftung.de\/st-klara-altoetting\/wp-json\/wp\/v2\/posts"}],"about":[{"href":"https:\/\/jfb-stiftung.de\/st-klara-altoetting\/wp-json\/wp\/v2\/types\/post"}],"author":[{"embeddable":true,"href":"https:\/\/jfb-stiftung.de\/st-klara-altoetting\/wp-json\/wp\/v2\/users\/2"}],"replies":[{"embeddable":true,"href":"https:\/\/jfb-stiftung.de\/st-klara-altoetting\/wp-json\/wp\/v2\/comments?post=4431"}],"version-history":[{"count":0,"href":"https:\/\/jfb-stiftung.de\/st-klara-altoetting\/wp-json\/wp\/v2\/posts\/4431\/revisions"}],"wp:featuredmedia":[{"embeddable":true,"href":"https:\/\/jfb-stiftung.de\/st-klara-altoetting\/wp-json\/wp\/v2\/media\/4432"}],"wp:attachment":[{"href":"https:\/\/jfb-stiftung.de\/st-klara-altoetting\/wp-json\/wp\/v2\/media?parent=4431"}],"wp:term":[{"taxonomy":"category","embeddable":true,"href":"https:\/\/jfb-stiftung.de\/st-klara-altoetting\/wp-json\/wp\/v2\/categories?post=4431"},{"taxonomy":"post_tag","embeddable":true,"href":"https:\/\/jfb-stiftung.de\/st-klara-altoetting\/wp-json\/wp\/v2\/tags?post=4431"}],"curies":[{"name":"wp","href":"https:\/\/api.w.org\/{rel}","templated":true}]}}