{"id":4293,"date":"2023-11-09T10:42:21","date_gmt":"2023-11-09T09:42:21","guid":{"rendered":"https:\/\/jfb-stiftung.de\/st-klara-altoetting\/andaechtige-erinnerungsfeier\/"},"modified":"2023-11-09T13:29:36","modified_gmt":"2023-11-09T12:29:36","slug":"andaechtige-erinnerungsfeier","status":"publish","type":"post","link":"https:\/\/jfb-stiftung.de\/st-klara-altoetting\/andaechtige-erinnerungsfeier\/","title":{"rendered":"And\u00e4chtige Erinnerungsfeier"},"content":{"rendered":"<p>In der sch\u00f6nen Hauskapelle des Klaraheims wurde am Mittwoch, den 3.11.2023 der Verstorbenen im Rahmen einer Erinnerungsfeier gedacht. Pr\u00e4lat Mandl leitete den Wortgottesdienst und das best\u00e4ndige Team, dass sich um alles Organisatorische k\u00fcmmert, steht immer an seiner Seite. Das Team bestehend aus Mitarbeiter*innen des Tagespflegezentrums des Klaraheims, der Tagespflege Reischach und des Hospizvereins des Landkreises Alt\u00f6tting e.V. organisierte nicht nur das Aufstellen und Entz\u00fcnden von Kerzen auf dem Altar, sondern auch das gemeinsame stille Gedenken der lieben Menschen, die fortgegangen sind. Als Zeichen der Erinnerung wurden bunte Erinnerungsschleifen an einem sch\u00f6nen gro\u00dfen Baum in der Parkanlage des Klaraheims angebracht &#8211; diese Schleifen wehen im Wind bis zum n\u00e4chsten Herbst. Dann werden die alten Schleifen entfernt und neue aufgeh\u00e4ngt. Im Anschluss daran wurde noch zusammen bei Kaffee und Kuchen verweilt, wobei die G\u00e4ste wunderbar durch Lieder des Shanty Chors unterhalten wurden und so diese Erinnerungsfeier wohltuend gemeinsam ausklingen lassen konnten.<\/p>\n<p><img fetchpriority=\"high\" decoding=\"async\" class=\" wp-image-4295 alignnone\" src=\"https:\/\/jfb-stiftung.de\/st-klara-altoetting\/wp-content\/uploads\/sites\/10\/2023\/11\/Erinnerungsfeier-2023-4-1000x750.jpg\" alt=\"\" width=\"307\" height=\"230\"> <img decoding=\"async\" class=\" wp-image-4296 alignnone\" src=\"https:\/\/jfb-stiftung.de\/st-klara-altoetting\/wp-content\/uploads\/sites\/10\/2023\/11\/Erinnerungsfeier-2023-2-750x1000.jpg\" alt=\"\" width=\"174\" height=\"232\"> <img decoding=\"async\" class=\" wp-image-4294 alignnone\" src=\"https:\/\/jfb-stiftung.de\/st-klara-altoetting\/wp-content\/uploads\/sites\/10\/2023\/11\/Erinnerungsfeier-2023-1-750x1000.jpg\" alt=\"\" width=\"174\" height=\"232\"><\/p>\n","protected":false},"excerpt":{"rendered":"<p>In der sch\u00f6nen Hauskapelle des Klaraheims wurde am Mittwoch, den 3.11.2023 der Verstorbenen im Rahmen einer Erinnerungsfeier gedacht. Pr\u00e4lat Mandl leitete den Wortgottesdienst und das best\u00e4ndige Team, dass sich um \u2026<\/p>\n","protected":false},"author":2,"featured_media":4297,"comment_status":"closed","ping_status":"closed","sticky":false,"template":"","format":"standard","meta":{"_acf_changed":false,"footnotes":""},"categories":[32],"tags":[],"class_list":["post-4293","post","type-post","status-publish","format-standard","has-post-thumbnail","hentry","category-st-klara-altoetting-news"],"acf":[],"publishpress_future_action":{"enabled":false,"date":"2026-05-06 07:52:37","action":"change-status","newStatus":"draft","terms":[],"taxonomy":"category","extraData":[]},"publishpress_future_workflow_manual_trigger":{"enabledWorkflows":[]},"_links":{"self":[{"href":"https:\/\/jfb-stiftung.de\/st-klara-altoetting\/wp-json\/wp\/v2\/posts\/4293","targetHints":{"allow":["GET"]}}],"collection":[{"href":"https:\/\/jfb-stiftung.de\/st-klara-altoetting\/wp-json\/wp\/v2\/posts"}],"about":[{"href":"https:\/\/jfb-stiftung.de\/st-klara-altoetting\/wp-json\/wp\/v2\/types\/post"}],"author":[{"embeddable":true,"href":"https:\/\/jfb-stiftung.de\/st-klara-altoetting\/wp-json\/wp\/v2\/users\/2"}],"replies":[{"embeddable":true,"href":"https:\/\/jfb-stiftung.de\/st-klara-altoetting\/wp-json\/wp\/v2\/comments?post=4293"}],"version-history":[{"count":0,"href":"https:\/\/jfb-stiftung.de\/st-klara-altoetting\/wp-json\/wp\/v2\/posts\/4293\/revisions"}],"wp:featuredmedia":[{"embeddable":true,"href":"https:\/\/jfb-stiftung.de\/st-klara-altoetting\/wp-json\/wp\/v2\/media\/4297"}],"wp:attachment":[{"href":"https:\/\/jfb-stiftung.de\/st-klara-altoetting\/wp-json\/wp\/v2\/media?parent=4293"}],"wp:term":[{"taxonomy":"category","embeddable":true,"href":"https:\/\/jfb-stiftung.de\/st-klara-altoetting\/wp-json\/wp\/v2\/categories?post=4293"},{"taxonomy":"post_tag","embeddable":true,"href":"https:\/\/jfb-stiftung.de\/st-klara-altoetting\/wp-json\/wp\/v2\/tags?post=4293"}],"curies":[{"name":"wp","href":"https:\/\/api.w.org\/{rel}","templated":true}]}}