{"id":4255,"date":"2023-10-12T09:17:10","date_gmt":"2023-10-12T07:17:10","guid":{"rendered":"https:\/\/jfb-stiftung.de\/st-klara-altoetting\/seniorentag-in-altoetting\/"},"modified":"2023-10-16T08:32:41","modified_gmt":"2023-10-16T06:32:41","slug":"seniorentag-in-altoetting","status":"publish","type":"post","link":"https:\/\/jfb-stiftung.de\/st-klara-altoetting\/seniorentag-in-altoetting\/","title":{"rendered":"Seniorentag in Alt\u00f6tting"},"content":{"rendered":"<p>Teamwork war angesagt, denn an unserem Stand beim Seniorentag in Alt\u00f6tting waren die Einrichtungsleitungen des Klaraheims als auch des ambulanten Pflegedienstes &#8222;Pflegeteam Hofmark&#8220;\u00a0 gemeinsam vertreten. Gerne nahmen die beiden und ihr Team alle Fragen der Besucher*innen entgegen, die sich fast ausschlie\u00dflich um die Themen station\u00e4re Pflege oder &#8222;Pflege zuhause&#8220; drehten. Neben Beratungen und guten Gespr\u00e4chen gab es auch sonst allerlei zu sehen, zum Beispiel einen Shanty-Chor, der mit vielen Seemannsliedern f\u00fcr gute Stimmung sorgte, eine Tanzschule, die Sitzgymnastik machte und mit den Besuchern getanzt hat sowie eine Mini-Trachtengruppe, mit ganz kleinen Trachtlern. Zum traditionellen Seniorentag im Herbst l\u00e4dt die Kreisstadt Alt\u00f6tting lokale Anbieter und Organisationen ein, die sich mit ihren Dienstleistungen oder Angeboten f\u00fcr Senior*innen pr\u00e4sentieren. Im n\u00e4chsten Jahr sind wir sicherlich wieder dabei.<br \/>\n<img fetchpriority=\"high\" decoding=\"async\" class=\" wp-image-4258 alignnone\" src=\"https:\/\/jfb-stiftung.de\/st-klara-altoetting\/wp-content\/uploads\/sites\/10\/2023\/10\/Seniorentag-AOe-2023-4-1000x750.jpg\" alt=\"\" width=\"345\" height=\"259\" srcset=\"https:\/\/jfb-stiftung.de\/st-klara-altoetting\/wp-content\/uploads\/sites\/10\/2023\/10\/Seniorentag-AOe-2023-4-1000x750.jpg 1000w, https:\/\/jfb-stiftung.de\/st-klara-altoetting\/wp-content\/uploads\/sites\/10\/2023\/10\/Seniorentag-AOe-2023-4-1500x1125.jpg 1500w, https:\/\/jfb-stiftung.de\/st-klara-altoetting\/wp-content\/uploads\/sites\/10\/2023\/10\/Seniorentag-AOe-2023-4-768x576.jpg 768w, https:\/\/jfb-stiftung.de\/st-klara-altoetting\/wp-content\/uploads\/sites\/10\/2023\/10\/Seniorentag-AOe-2023-4-1536x1152.jpg 1536w, https:\/\/jfb-stiftung.de\/st-klara-altoetting\/wp-content\/uploads\/sites\/10\/2023\/10\/Seniorentag-AOe-2023-4.jpg 2048w\" sizes=\"(max-width: 345px) 100vw, 345px\" \/> <img decoding=\"async\" class=\" wp-image-4257 alignnone\" src=\"https:\/\/jfb-stiftung.de\/st-klara-altoetting\/wp-content\/uploads\/sites\/10\/2023\/10\/Seniorentag-AOe-2023-2-1000x750.jpg\" alt=\"\" width=\"344\" height=\"258\" srcset=\"https:\/\/jfb-stiftung.de\/st-klara-altoetting\/wp-content\/uploads\/sites\/10\/2023\/10\/Seniorentag-AOe-2023-2-1000x750.jpg 1000w, https:\/\/jfb-stiftung.de\/st-klara-altoetting\/wp-content\/uploads\/sites\/10\/2023\/10\/Seniorentag-AOe-2023-2-1500x1125.jpg 1500w, https:\/\/jfb-stiftung.de\/st-klara-altoetting\/wp-content\/uploads\/sites\/10\/2023\/10\/Seniorentag-AOe-2023-2-768x576.jpg 768w, https:\/\/jfb-stiftung.de\/st-klara-altoetting\/wp-content\/uploads\/sites\/10\/2023\/10\/Seniorentag-AOe-2023-2-1536x1152.jpg 1536w, https:\/\/jfb-stiftung.de\/st-klara-altoetting\/wp-content\/uploads\/sites\/10\/2023\/10\/Seniorentag-AOe-2023-2.jpg 2048w\" sizes=\"(max-width: 344px) 100vw, 344px\" \/> <img decoding=\"async\" class=\" wp-image-4256 alignnone\" src=\"https:\/\/jfb-stiftung.de\/st-klara-altoetting\/wp-content\/uploads\/sites\/10\/2023\/10\/Seniorentag-AOe-2023-3-1000x750.jpg\" alt=\"\" width=\"344\" height=\"258\" srcset=\"https:\/\/jfb-stiftung.de\/st-klara-altoetting\/wp-content\/uploads\/sites\/10\/2023\/10\/Seniorentag-AOe-2023-3-1000x750.jpg 1000w, https:\/\/jfb-stiftung.de\/st-klara-altoetting\/wp-content\/uploads\/sites\/10\/2023\/10\/Seniorentag-AOe-2023-3-1500x1125.jpg 1500w, https:\/\/jfb-stiftung.de\/st-klara-altoetting\/wp-content\/uploads\/sites\/10\/2023\/10\/Seniorentag-AOe-2023-3-768x576.jpg 768w, https:\/\/jfb-stiftung.de\/st-klara-altoetting\/wp-content\/uploads\/sites\/10\/2023\/10\/Seniorentag-AOe-2023-3-1536x1152.jpg 1536w, https:\/\/jfb-stiftung.de\/st-klara-altoetting\/wp-content\/uploads\/sites\/10\/2023\/10\/Seniorentag-AOe-2023-3.jpg 2048w\" sizes=\"(max-width: 344px) 100vw, 344px\" \/><\/p>\n<p><img loading=\"lazy\" decoding=\"async\" class=\" wp-image-4262 alignnone\" src=\"https:\/\/jfb-stiftung.de\/st-klara-altoetting\/wp-content\/uploads\/sites\/10\/2023\/10\/Seniorentag-PTH-2023-7-750x1000.jpg\" alt=\"\" width=\"363\" height=\"484\"> <img loading=\"lazy\" decoding=\"async\" class=\" wp-image-4263 alignnone\" src=\"https:\/\/jfb-stiftung.de\/st-klara-altoetting\/wp-content\/uploads\/sites\/10\/2023\/10\/Seniorentag-PTH-2023-4-750x1000.jpg\" alt=\"\" width=\"362\" height=\"482\"><\/p>\n<p>&nbsp;<\/p>\n<p>&nbsp;<\/p>\n<p>&nbsp;<\/p>\n","protected":false},"excerpt":{"rendered":"<p>Teamwork war angesagt, denn an unserem Stand beim Seniorentag in Alt\u00f6tting waren die Einrichtungsleitungen des Klaraheims als auch des ambulanten Pflegedienstes &#8222;Pflegeteam Hofmark&#8220;\u00a0 gemeinsam vertreten. Gerne nahmen die beiden und \u2026<\/p>\n","protected":false},"author":2,"featured_media":4259,"comment_status":"closed","ping_status":"closed","sticky":false,"template":"","format":"standard","meta":{"_acf_changed":false,"footnotes":""},"categories":[37,32],"tags":[],"class_list":["post-4255","post","type-post","status-publish","format-standard","has-post-thumbnail","hentry","category-pflegeteam-hofmark-news","category-st-klara-altoetting-news"],"acf":[],"publishpress_future_action":{"enabled":false,"date":"2026-05-06 07:52:37","action":"change-status","newStatus":"draft","terms":[],"taxonomy":"category","extraData":[]},"publishpress_future_workflow_manual_trigger":{"enabledWorkflows":[]},"_links":{"self":[{"href":"https:\/\/jfb-stiftung.de\/st-klara-altoetting\/wp-json\/wp\/v2\/posts\/4255","targetHints":{"allow":["GET"]}}],"collection":[{"href":"https:\/\/jfb-stiftung.de\/st-klara-altoetting\/wp-json\/wp\/v2\/posts"}],"about":[{"href":"https:\/\/jfb-stiftung.de\/st-klara-altoetting\/wp-json\/wp\/v2\/types\/post"}],"author":[{"embeddable":true,"href":"https:\/\/jfb-stiftung.de\/st-klara-altoetting\/wp-json\/wp\/v2\/users\/2"}],"replies":[{"embeddable":true,"href":"https:\/\/jfb-stiftung.de\/st-klara-altoetting\/wp-json\/wp\/v2\/comments?post=4255"}],"version-history":[{"count":0,"href":"https:\/\/jfb-stiftung.de\/st-klara-altoetting\/wp-json\/wp\/v2\/posts\/4255\/revisions"}],"wp:featuredmedia":[{"embeddable":true,"href":"https:\/\/jfb-stiftung.de\/st-klara-altoetting\/wp-json\/wp\/v2\/media\/4259"}],"wp:attachment":[{"href":"https:\/\/jfb-stiftung.de\/st-klara-altoetting\/wp-json\/wp\/v2\/media?parent=4255"}],"wp:term":[{"taxonomy":"category","embeddable":true,"href":"https:\/\/jfb-stiftung.de\/st-klara-altoetting\/wp-json\/wp\/v2\/categories?post=4255"},{"taxonomy":"post_tag","embeddable":true,"href":"https:\/\/jfb-stiftung.de\/st-klara-altoetting\/wp-json\/wp\/v2\/tags?post=4255"}],"curies":[{"name":"wp","href":"https:\/\/api.w.org\/{rel}","templated":true}]}}