{"id":4223,"date":"2023-08-17T09:15:37","date_gmt":"2023-08-17T07:15:37","guid":{"rendered":"https:\/\/jfb-stiftung.de\/st-klara-altoetting\/sommerfest-wie-in-guten-alten-zeiten\/"},"modified":"2023-08-17T09:20:14","modified_gmt":"2023-08-17T07:20:14","slug":"sommerfest-wie-in-guten-alten-zeiten","status":"publish","type":"post","link":"https:\/\/jfb-stiftung.de\/st-klara-altoetting\/sommerfest-wie-in-guten-alten-zeiten\/","title":{"rendered":"Sommerfest wie in guten alten Zeiten"},"content":{"rendered":"<p>Was fr\u00fcher normal war, war in diesem Jahr etwas ganz besonderes. Nach den langen Einschr\u00e4nkungen und Auflagen wegen Corona konnte nun das \u00fcber die Grenzen von Alt\u00f6tting bekannte Sommerfest im Klaraheim wieder nach alter Manier gefeiert werden. Der Andrang am Freitag den 11.08.2023 war gro\u00df und in der sch\u00f6nen Parkanlage des Klaraheims tummelten sich etwa 200 G\u00e4ste. Darunter auch Bundestagsabgeordneter Stephan Mayer, die stellvertretende Landr\u00e4tin des Landkreises Alt\u00f6tting Ingrid Heckner sowie die Vorst\u00e4ndin der Jacob Friedrich Bussereau Stiftung Christa Lichtenegger. F\u00fcr die entspannte und ausgelassene Stimmung bei bestem Wetter sorgte nicht nur die leckere Verpflegung mit Spanferkel und Co., sondern auch die gute musikalische Unterhaltung von Martl (eigentlich Martin), der die Menge mit klassischen bayrischen Volksliedern und Evergreens bestens unterhielt. Ein kleiner H\u00f6hepunkt auf den sich viele schon vorab sehr freuen sind die Auftritte der Mitarbeiter*innen auf der B\u00fchne. Unter dem Motto &#8222;Hitparade&#8220; konnten die G\u00e4ste sehr unterhaltsame und auch witzige St\u00fccke des Klaraheim-Teams genie\u00dfen. Ein rundum gelungenes Fest.<\/p>\n<p><img fetchpriority=\"high\" decoding=\"async\" class=\" wp-image-4225 alignnone\" src=\"https:\/\/jfb-stiftung.de\/st-klara-altoetting\/wp-content\/uploads\/sites\/10\/2023\/08\/Sommerfest-Klaraheim-II-1000x667.jpg\" alt=\"\" width=\"439\" height=\"293\" srcset=\"https:\/\/jfb-stiftung.de\/st-klara-altoetting\/wp-content\/uploads\/sites\/10\/2023\/08\/Sommerfest-Klaraheim-II-1000x667.jpg 1000w, https:\/\/jfb-stiftung.de\/st-klara-altoetting\/wp-content\/uploads\/sites\/10\/2023\/08\/Sommerfest-Klaraheim-II-768x512.jpg 768w, https:\/\/jfb-stiftung.de\/st-klara-altoetting\/wp-content\/uploads\/sites\/10\/2023\/08\/Sommerfest-Klaraheim-II.jpg 1500w\" sizes=\"(max-width: 439px) 100vw, 439px\" \/> <img decoding=\"async\" class=\" wp-image-4224 alignnone\" src=\"https:\/\/jfb-stiftung.de\/st-klara-altoetting\/wp-content\/uploads\/sites\/10\/2023\/08\/Sommerfest-Klaraheim-III-1000x667.jpg\" alt=\"\" width=\"437\" height=\"291\" srcset=\"https:\/\/jfb-stiftung.de\/st-klara-altoetting\/wp-content\/uploads\/sites\/10\/2023\/08\/Sommerfest-Klaraheim-III-1000x667.jpg 1000w, https:\/\/jfb-stiftung.de\/st-klara-altoetting\/wp-content\/uploads\/sites\/10\/2023\/08\/Sommerfest-Klaraheim-III-768x512.jpg 768w, https:\/\/jfb-stiftung.de\/st-klara-altoetting\/wp-content\/uploads\/sites\/10\/2023\/08\/Sommerfest-Klaraheim-III.jpg 1500w\" sizes=\"(max-width: 437px) 100vw, 437px\" \/> <img decoding=\"async\" class=\"alignnone wp-image-4227\" src=\"https:\/\/jfb-stiftung.de\/st-klara-altoetting\/wp-content\/uploads\/sites\/10\/2023\/08\/Sommerfest-Klara-I-1000x667.jpg\" alt=\"\" width=\"436\" height=\"291\" srcset=\"https:\/\/jfb-stiftung.de\/st-klara-altoetting\/wp-content\/uploads\/sites\/10\/2023\/08\/Sommerfest-Klara-I-1000x667.jpg 1000w, https:\/\/jfb-stiftung.de\/st-klara-altoetting\/wp-content\/uploads\/sites\/10\/2023\/08\/Sommerfest-Klara-I-768x512.jpg 768w, https:\/\/jfb-stiftung.de\/st-klara-altoetting\/wp-content\/uploads\/sites\/10\/2023\/08\/Sommerfest-Klara-I.jpg 1500w\" sizes=\"(max-width: 436px) 100vw, 436px\" \/> <img loading=\"lazy\" decoding=\"async\" class=\"alignnone wp-image-4228\" src=\"https:\/\/jfb-stiftung.de\/st-klara-altoetting\/wp-content\/uploads\/sites\/10\/2023\/08\/Klara-Sommfest--1000x667.jpg\" alt=\"\" width=\"436\" height=\"291\" srcset=\"https:\/\/jfb-stiftung.de\/st-klara-altoetting\/wp-content\/uploads\/sites\/10\/2023\/08\/Klara-Sommfest--1000x667.jpg 1000w, https:\/\/jfb-stiftung.de\/st-klara-altoetting\/wp-content\/uploads\/sites\/10\/2023\/08\/Klara-Sommfest--768x512.jpg 768w, https:\/\/jfb-stiftung.de\/st-klara-altoetting\/wp-content\/uploads\/sites\/10\/2023\/08\/Klara-Sommfest-.jpg 1500w\" sizes=\"(max-width: 436px) 100vw, 436px\" \/><\/p>\n","protected":false},"excerpt":{"rendered":"<p>Was fr\u00fcher normal war, war in diesem Jahr etwas ganz besonderes. Nach den langen Einschr\u00e4nkungen und Auflagen wegen Corona konnte nun das \u00fcber die Grenzen von Alt\u00f6tting bekannte Sommerfest im \u2026<\/p>\n","protected":false},"author":2,"featured_media":4226,"comment_status":"closed","ping_status":"closed","sticky":false,"template":"","format":"standard","meta":{"_acf_changed":false,"footnotes":""},"categories":[32],"tags":[],"class_list":["post-4223","post","type-post","status-publish","format-standard","has-post-thumbnail","hentry","category-st-klara-altoetting-news"],"acf":[],"publishpress_future_action":{"enabled":false,"date":"2026-05-06 08:14:12","action":"change-status","newStatus":"draft","terms":[],"taxonomy":"category","extraData":[]},"publishpress_future_workflow_manual_trigger":{"enabledWorkflows":[]},"_links":{"self":[{"href":"https:\/\/jfb-stiftung.de\/st-klara-altoetting\/wp-json\/wp\/v2\/posts\/4223","targetHints":{"allow":["GET"]}}],"collection":[{"href":"https:\/\/jfb-stiftung.de\/st-klara-altoetting\/wp-json\/wp\/v2\/posts"}],"about":[{"href":"https:\/\/jfb-stiftung.de\/st-klara-altoetting\/wp-json\/wp\/v2\/types\/post"}],"author":[{"embeddable":true,"href":"https:\/\/jfb-stiftung.de\/st-klara-altoetting\/wp-json\/wp\/v2\/users\/2"}],"replies":[{"embeddable":true,"href":"https:\/\/jfb-stiftung.de\/st-klara-altoetting\/wp-json\/wp\/v2\/comments?post=4223"}],"version-history":[{"count":0,"href":"https:\/\/jfb-stiftung.de\/st-klara-altoetting\/wp-json\/wp\/v2\/posts\/4223\/revisions"}],"wp:featuredmedia":[{"embeddable":true,"href":"https:\/\/jfb-stiftung.de\/st-klara-altoetting\/wp-json\/wp\/v2\/media\/4226"}],"wp:attachment":[{"href":"https:\/\/jfb-stiftung.de\/st-klara-altoetting\/wp-json\/wp\/v2\/media?parent=4223"}],"wp:term":[{"taxonomy":"category","embeddable":true,"href":"https:\/\/jfb-stiftung.de\/st-klara-altoetting\/wp-json\/wp\/v2\/categories?post=4223"},{"taxonomy":"post_tag","embeddable":true,"href":"https:\/\/jfb-stiftung.de\/st-klara-altoetting\/wp-json\/wp\/v2\/tags?post=4223"}],"curies":[{"name":"wp","href":"https:\/\/api.w.org\/{rel}","templated":true}]}}