{"id":4175,"date":"2023-06-13T09:19:25","date_gmt":"2023-06-13T07:19:25","guid":{"rendered":"https:\/\/jfb-stiftung.de\/st-klara-altoetting\/?p=4175"},"modified":"2023-06-13T09:19:26","modified_gmt":"2023-06-13T07:19:26","slug":"pfingstfest-bei-entspannt-froehlicher-stimmung","status":"publish","type":"post","link":"https:\/\/jfb-stiftung.de\/st-klara-altoetting\/pfingstfest-bei-entspannt-froehlicher-stimmung\/","title":{"rendered":"Pfingstfest bei entspannt fr\u00f6hlicher Stimmung"},"content":{"rendered":"<p>Wie sch\u00f6n eine kleine interne Feier seien kann, hat das Pfingstfest gezeigt, dass am Donnerstag den 08.06.2023 in der Aula des Klaraheims stattfand. F\u00fcr die musikalische Unterhaltung wurde wieder Martl (eigentlich Martin) eingeladen, der mit klassischen bayrischen Volksliedern und Evergreens f\u00fcr eine wohltuende ausgelassene Stimmung sorgte. Die Stimmung war sogar so gut, dass sich nicht nur einige auf die Tanzfl\u00e4che begaben, sondern auch gemeinsam eine Polonaise durch die Aula getanzt wurde. Selbstverst\u00e4ndlich wurde auch ordentlich geklatscht und geschunkelt und mancherorts mitgesungen. Neben leckerem Erdbeer- und Obstkuchen und einer guten Tasse Kaffee boten Mitarbeiterinnen der sozialen Betreuung als Erfrischung auch einen k\u00fchlen Eistee an. Ein rundum gelungener Tag f\u00fcr alle.<\/p>\n<p>&nbsp;<\/p>\n<p><img fetchpriority=\"high\" decoding=\"async\" class=\" wp-image-4178 alignnone\" src=\"https:\/\/jfb-stiftung.de\/st-klara-altoetting\/wp-content\/uploads\/sites\/10\/2023\/06\/Pfingstfest1-1000x510.jpg\" alt=\"\" width=\"369\" height=\"188\"> <img decoding=\"async\" class=\" wp-image-4177 alignnone\" src=\"https:\/\/jfb-stiftung.de\/st-klara-altoetting\/wp-content\/uploads\/sites\/10\/2023\/06\/Pfingstfest2-1000x719.jpg\" alt=\"\" width=\"262\" height=\"188\"> <img decoding=\"async\" class=\" wp-image-4179 alignnone\" src=\"https:\/\/jfb-stiftung.de\/st-klara-altoetting\/wp-content\/uploads\/sites\/10\/2023\/06\/Martl-1-1000x930.jpg\" alt=\"\" width=\"204\" height=\"190\"> <img loading=\"lazy\" decoding=\"async\" class=\" wp-image-4176 alignnone\" src=\"https:\/\/jfb-stiftung.de\/st-klara-altoetting\/wp-content\/uploads\/sites\/10\/2023\/06\/Pfingstfest4-1000x796.jpg\" alt=\"\" width=\"241\" height=\"192\"><\/p>\n","protected":false},"excerpt":{"rendered":"<p>Wie sch\u00f6n eine kleine interne Feier seien kann, hat das Pfingstfest gezeigt, dass am Donnerstag den 08.06.2023 in der Aula des Klaraheims stattfand. F\u00fcr die musikalische Unterhaltung wurde wieder Martl \u2026<\/p>\n","protected":false},"author":2,"featured_media":4182,"comment_status":"closed","ping_status":"closed","sticky":false,"template":"","format":"standard","meta":{"_acf_changed":false,"footnotes":""},"categories":[32],"tags":[],"class_list":["post-4175","post","type-post","status-publish","format-standard","has-post-thumbnail","hentry","category-st-klara-altoetting-news"],"acf":[],"publishpress_future_action":{"enabled":false,"date":"2026-05-06 08:06:50","action":"change-status","newStatus":"draft","terms":[],"taxonomy":"category","extraData":[]},"publishpress_future_workflow_manual_trigger":{"enabledWorkflows":[]},"_links":{"self":[{"href":"https:\/\/jfb-stiftung.de\/st-klara-altoetting\/wp-json\/wp\/v2\/posts\/4175","targetHints":{"allow":["GET"]}}],"collection":[{"href":"https:\/\/jfb-stiftung.de\/st-klara-altoetting\/wp-json\/wp\/v2\/posts"}],"about":[{"href":"https:\/\/jfb-stiftung.de\/st-klara-altoetting\/wp-json\/wp\/v2\/types\/post"}],"author":[{"embeddable":true,"href":"https:\/\/jfb-stiftung.de\/st-klara-altoetting\/wp-json\/wp\/v2\/users\/2"}],"replies":[{"embeddable":true,"href":"https:\/\/jfb-stiftung.de\/st-klara-altoetting\/wp-json\/wp\/v2\/comments?post=4175"}],"version-history":[{"count":0,"href":"https:\/\/jfb-stiftung.de\/st-klara-altoetting\/wp-json\/wp\/v2\/posts\/4175\/revisions"}],"wp:featuredmedia":[{"embeddable":true,"href":"https:\/\/jfb-stiftung.de\/st-klara-altoetting\/wp-json\/wp\/v2\/media\/4182"}],"wp:attachment":[{"href":"https:\/\/jfb-stiftung.de\/st-klara-altoetting\/wp-json\/wp\/v2\/media?parent=4175"}],"wp:term":[{"taxonomy":"category","embeddable":true,"href":"https:\/\/jfb-stiftung.de\/st-klara-altoetting\/wp-json\/wp\/v2\/categories?post=4175"},{"taxonomy":"post_tag","embeddable":true,"href":"https:\/\/jfb-stiftung.de\/st-klara-altoetting\/wp-json\/wp\/v2\/tags?post=4175"}],"curies":[{"name":"wp","href":"https:\/\/api.w.org\/{rel}","templated":true}]}}