{"id":4138,"date":"2023-05-02T11:21:29","date_gmt":"2023-05-02T09:21:29","guid":{"rendered":"https:\/\/jfb-stiftung.de\/st-klara-altoetting\/tagespflegeplaetze-im-tagespflegezentrum-altoetting-frei\/"},"modified":"2023-05-02T12:14:41","modified_gmt":"2023-05-02T10:14:41","slug":"tagespflegeplaetze-im-tagespflegezentrum-altoetting-frei","status":"publish","type":"post","link":"https:\/\/jfb-stiftung.de\/st-klara-altoetting\/tagespflegeplaetze-im-tagespflegezentrum-altoetting-frei\/","title":{"rendered":"Tagespflegepl\u00e4tze im Tagespflegezentrum Alt\u00f6tting frei"},"content":{"rendered":"<p>Professionelle und abwechslungsreiche Betreuung in unserem Wohlf\u00fchl-Tagespflegezentrum erwartet alle G\u00e4ste, die einen Tagespflegeplatz suchen. Angegliedert an das Alten- und Pflegeheim St. Klara bietet das Tagespflegezentrum Alt\u00f6tting den Besucherinnen und Besuchern verschiedenste Angebote zur Unterhaltung, Entspannung oder auch zum aktiven Mitmachen an. Durch die kompetente und fachkundige Begleitung wird auf die gesundheitliche Konsitution der Tagesg\u00e4ste besonders geachtet und durch die gute Vernetzung zu \u00c4rztinnen und \u00c4rzten und die direkte r\u00e4umliche N\u00e4he zum Klaraheim kann eine in besonderer Weise gesch\u00fctzte Betreuung gew\u00e4hrleistet werden. Aktuell sind dort noch einige Pl\u00e4tze frei. Interessierte k\u00f6nnen sich gerne jederzeit an Frau Gabriele Sp\u00f6cklberger telefonisch 08671 9849-0 oder per E-Mail an: <a href=\"mailto:tp-altoetting@jfb-stiftung.de\" target=\"_blank\" rel=\"noopener\">tp-altoetting@jfb-stiftung.de<\/a> wenden.<\/p>\n<p>N\u00e4here Infos zu den Tagespflegen gibt es hier: <a href=\"https:\/\/jfb-stiftung.de\/st-klara-altoetting\/unsere-einrichtungen\/tagespflegen-altoetting-reischach\/\" target=\"_blank\" rel=\"noopener\">Tagespflegen Alt\u00f6tting &amp; Reischach \u00bb St. Klara Alt\u00f6tting (jfb-stiftung.de)<\/a><\/p>\n<p>&nbsp;<\/p>\n<p>&nbsp;<\/p>\n<p>&nbsp;<\/p>\n","protected":false},"excerpt":{"rendered":"<p>Professionelle und abwechslungsreiche Betreuung in unserem Wohlf\u00fchl-Tagespflegezentrum erwartet alle G\u00e4ste, die einen Tagespflegeplatz suchen. Angegliedert an das Alten- und Pflegeheim St. Klara bietet das Tagespflegezentrum Alt\u00f6tting den Besucherinnen und Besuchern \u2026<\/p>\n","protected":false},"author":2,"featured_media":4139,"comment_status":"closed","ping_status":"closed","sticky":false,"template":"","format":"standard","meta":{"_acf_changed":false,"footnotes":""},"categories":[32],"tags":[],"class_list":["post-4138","post","type-post","status-publish","format-standard","has-post-thumbnail","hentry","category-st-klara-altoetting-news"],"acf":[],"publishpress_future_action":{"enabled":false,"date":"2026-05-06 08:08:45","action":"change-status","newStatus":"draft","terms":[],"taxonomy":"category","extraData":[]},"publishpress_future_workflow_manual_trigger":{"enabledWorkflows":[]},"_links":{"self":[{"href":"https:\/\/jfb-stiftung.de\/st-klara-altoetting\/wp-json\/wp\/v2\/posts\/4138","targetHints":{"allow":["GET"]}}],"collection":[{"href":"https:\/\/jfb-stiftung.de\/st-klara-altoetting\/wp-json\/wp\/v2\/posts"}],"about":[{"href":"https:\/\/jfb-stiftung.de\/st-klara-altoetting\/wp-json\/wp\/v2\/types\/post"}],"author":[{"embeddable":true,"href":"https:\/\/jfb-stiftung.de\/st-klara-altoetting\/wp-json\/wp\/v2\/users\/2"}],"replies":[{"embeddable":true,"href":"https:\/\/jfb-stiftung.de\/st-klara-altoetting\/wp-json\/wp\/v2\/comments?post=4138"}],"version-history":[{"count":0,"href":"https:\/\/jfb-stiftung.de\/st-klara-altoetting\/wp-json\/wp\/v2\/posts\/4138\/revisions"}],"wp:featuredmedia":[{"embeddable":true,"href":"https:\/\/jfb-stiftung.de\/st-klara-altoetting\/wp-json\/wp\/v2\/media\/4139"}],"wp:attachment":[{"href":"https:\/\/jfb-stiftung.de\/st-klara-altoetting\/wp-json\/wp\/v2\/media?parent=4138"}],"wp:term":[{"taxonomy":"category","embeddable":true,"href":"https:\/\/jfb-stiftung.de\/st-klara-altoetting\/wp-json\/wp\/v2\/categories?post=4138"},{"taxonomy":"post_tag","embeddable":true,"href":"https:\/\/jfb-stiftung.de\/st-klara-altoetting\/wp-json\/wp\/v2\/tags?post=4138"}],"curies":[{"name":"wp","href":"https:\/\/api.w.org\/{rel}","templated":true}]}}