{"id":4056,"date":"2023-02-15T09:09:20","date_gmt":"2023-02-15T08:09:20","guid":{"rendered":"https:\/\/jfb-stiftung.de\/st-klara-altoetting\/rosen-schokolade-und-herzkekse-am-valentinstag\/"},"modified":"2023-06-13T12:10:38","modified_gmt":"2023-06-13T10:10:38","slug":"rosen-schokolade-und-herzkekse-am-valentinstag","status":"publish","type":"post","link":"https:\/\/jfb-stiftung.de\/st-klara-altoetting\/rosen-schokolade-und-herzkekse-am-valentinstag\/","title":{"rendered":"Rosen, Schokolade und Herzkekse am Valentinstag"},"content":{"rendered":"<p>Viele s\u00fc\u00dfe und duftende \u00dcberraschungen gab es f\u00fcr alle am gestrigen Valentinstag im Klaraheim. Eine besonderes nette Geste hatte der Bewohnerf\u00fcrsprecher des Klaraheims, Herr Hans J\u00fcrgen Grzesch vorbereitet: F\u00fcr alle Mitarbeiter*innen hatte er als Dank wundersch\u00f6ne Rosen mitgebracht, die er pers\u00f6nlich \u00fcberreichte. Und auch die m\u00e4nnlichen Kollegen wurden nicht vergessen, sie erhielten auch eine kleine Aufmerksamkeit in Form einer Tafel Schokolade. Die Bewohner*innen wurden zu einer gem\u00fctlichen Kaffeerunde im Aufenthaltsraum eingeladen und alle erhielten eine besondere Leckerei:\u00a0 Leckere Herzkekse\u00a0 &#8211; die sahen nicht nur sch\u00f6n aus, sondern schmeckten auch fantastisch. Herzlichen Dank an Herr Grzesch, der schon viele Jahre am Valentinstag im Klaraheim mit seinen liebevollen Geschenken f\u00fcr sehr viel Freude unter der Belegschaft sorgt.<\/p>\n<p>&nbsp;<\/p>\n<p><img fetchpriority=\"high\" decoding=\"async\" class=\"alignnone wp-image-4057\" src=\"https:\/\/jfb-stiftung.de\/st-klara-altoetting\/wp-content\/uploads\/sites\/10\/2023\/02\/HrGrzesch-scaled-e1676448421770-679x1000.jpg\" alt=\"\" width=\"231\" height=\"340\" srcset=\"https:\/\/jfb-stiftung.de\/st-klara-altoetting\/wp-content\/uploads\/sites\/10\/2023\/02\/HrGrzesch-scaled-e1676448421770-679x1000.jpg 679w, https:\/\/jfb-stiftung.de\/st-klara-altoetting\/wp-content\/uploads\/sites\/10\/2023\/02\/HrGrzesch-scaled-e1676448421770-815x1200.jpg 815w, https:\/\/jfb-stiftung.de\/st-klara-altoetting\/wp-content\/uploads\/sites\/10\/2023\/02\/HrGrzesch-scaled-e1676448421770-768x1131.jpg 768w, https:\/\/jfb-stiftung.de\/st-klara-altoetting\/wp-content\/uploads\/sites\/10\/2023\/02\/HrGrzesch-scaled-e1676448421770-1043x1536.jpg 1043w, https:\/\/jfb-stiftung.de\/st-klara-altoetting\/wp-content\/uploads\/sites\/10\/2023\/02\/HrGrzesch-scaled-e1676448421770.jpg 1182w\" sizes=\"(max-width: 231px) 100vw, 231px\" \/> <img decoding=\"async\" class=\"wp-image-4060 alignnone\" src=\"https:\/\/jfb-stiftung.de\/st-klara-altoetting\/wp-content\/uploads\/sites\/10\/2023\/02\/Gedeck-1000x785.jpg\" alt=\"\" width=\"432\" height=\"339\"> <img decoding=\"async\" class=\" wp-image-4059 alignnone\" src=\"https:\/\/jfb-stiftung.de\/st-klara-altoetting\/wp-content\/uploads\/sites\/10\/2023\/02\/GruppeValentin-1000x887.jpg\" alt=\"\" width=\"384\" height=\"340\" srcset=\"https:\/\/jfb-stiftung.de\/st-klara-altoetting\/wp-content\/uploads\/sites\/10\/2023\/02\/GruppeValentin-1000x887.jpg 1000w, https:\/\/jfb-stiftung.de\/st-klara-altoetting\/wp-content\/uploads\/sites\/10\/2023\/02\/GruppeValentin-1353x1200.jpg 1353w, https:\/\/jfb-stiftung.de\/st-klara-altoetting\/wp-content\/uploads\/sites\/10\/2023\/02\/GruppeValentin-768x681.jpg 768w, https:\/\/jfb-stiftung.de\/st-klara-altoetting\/wp-content\/uploads\/sites\/10\/2023\/02\/GruppeValentin-1536x1362.jpg 1536w, https:\/\/jfb-stiftung.de\/st-klara-altoetting\/wp-content\/uploads\/sites\/10\/2023\/02\/GruppeValentin-2048x1817.jpg 2048w\" sizes=\"(max-width: 384px) 100vw, 384px\" \/><\/p>\n","protected":false},"excerpt":{"rendered":"<p>Viele s\u00fc\u00dfe und duftende \u00dcberraschungen gab es f\u00fcr alle am gestrigen Valentinstag im Klaraheim. Eine besonderes nette Geste hatte der Bewohnerf\u00fcrsprecher des Klaraheims, Herr Hans J\u00fcrgen Grzesch vorbereitet: F\u00fcr alle \u2026<\/p>\n","protected":false},"author":2,"featured_media":4061,"comment_status":"closed","ping_status":"closed","sticky":false,"template":"","format":"standard","meta":{"_acf_changed":false,"footnotes":""},"categories":[32],"tags":[],"class_list":["post-4056","post","type-post","status-publish","format-standard","has-post-thumbnail","hentry","category-st-klara-altoetting-news"],"acf":[],"publishpress_future_action":{"enabled":false,"date":"2026-05-06 07:58:23","action":"change-status","newStatus":"draft","terms":[],"taxonomy":"category","extraData":[]},"publishpress_future_workflow_manual_trigger":{"enabledWorkflows":[]},"_links":{"self":[{"href":"https:\/\/jfb-stiftung.de\/st-klara-altoetting\/wp-json\/wp\/v2\/posts\/4056","targetHints":{"allow":["GET"]}}],"collection":[{"href":"https:\/\/jfb-stiftung.de\/st-klara-altoetting\/wp-json\/wp\/v2\/posts"}],"about":[{"href":"https:\/\/jfb-stiftung.de\/st-klara-altoetting\/wp-json\/wp\/v2\/types\/post"}],"author":[{"embeddable":true,"href":"https:\/\/jfb-stiftung.de\/st-klara-altoetting\/wp-json\/wp\/v2\/users\/2"}],"replies":[{"embeddable":true,"href":"https:\/\/jfb-stiftung.de\/st-klara-altoetting\/wp-json\/wp\/v2\/comments?post=4056"}],"version-history":[{"count":0,"href":"https:\/\/jfb-stiftung.de\/st-klara-altoetting\/wp-json\/wp\/v2\/posts\/4056\/revisions"}],"wp:featuredmedia":[{"embeddable":true,"href":"https:\/\/jfb-stiftung.de\/st-klara-altoetting\/wp-json\/wp\/v2\/media\/4061"}],"wp:attachment":[{"href":"https:\/\/jfb-stiftung.de\/st-klara-altoetting\/wp-json\/wp\/v2\/media?parent=4056"}],"wp:term":[{"taxonomy":"category","embeddable":true,"href":"https:\/\/jfb-stiftung.de\/st-klara-altoetting\/wp-json\/wp\/v2\/categories?post=4056"},{"taxonomy":"post_tag","embeddable":true,"href":"https:\/\/jfb-stiftung.de\/st-klara-altoetting\/wp-json\/wp\/v2\/tags?post=4056"}],"curies":[{"name":"wp","href":"https:\/\/api.w.org\/{rel}","templated":true}]}}