{"id":3875,"date":"2022-09-23T12:41:46","date_gmt":"2022-09-23T10:41:46","guid":{"rendered":"https:\/\/jfb-stiftung.de\/st-klara-altoetting\/ausgelassene-stimmung-beim-sommerfest-im-klaraheim\/"},"modified":"2022-09-23T12:48:18","modified_gmt":"2022-09-23T10:48:18","slug":"ausgelassene-stimmung-beim-sommerfest-im-klaraheim","status":"publish","type":"post","link":"https:\/\/jfb-stiftung.de\/st-klara-altoetting\/ausgelassene-stimmung-beim-sommerfest-im-klaraheim\/","title":{"rendered":"Ausgelassene Stimmung beim Sommerfest im Klaraheim"},"content":{"rendered":"<p>Die Vorfreude war sehr gro\u00df, denn das am Donnerstag, den 15.September stattgefundene Sommerfest, war das erste gr\u00f6\u00dfere Fest seit Ausbruch der Pandemie. Entsprechend gut war die Stimmung im gro\u00dfen Festzelt im sch\u00f6nen Au\u00dfenbereich des Alten- und Pflegeheims. \u201eWirklich alle, die konnten waren mit dabei und auch f\u00fcr diejenigen, die nicht mehr so gut zu Fu\u00df waren wurde der Besuch m\u00f6glich gemacht&#8220;, berichtet der Gesch\u00e4ftsbereichsleiter des Klaraheim Georg Sigl Lehner. Zu essen gab es saftiges Spanferkel und zu trinken nat\u00fcrlich auch was das Herz begehrt. F\u00fcrs Mitschunkeln sorgte ein stimmungsvoller Alleinunterhalter, der mit seinem bunt gemischten Repertoire an Liedern f\u00fcr z\u00fcnftige Live-Musik im Festzelt sorgte. Geb\u00fchrend verabschiedet, und in diesem Zusammenhang auch recht herzlich bedankt f\u00fcr deren Arbeitsleistung, wurden zwei langj\u00e4hrige Mitarbeiterinnen: Die ehemalige Pflegedienstleitung Frau Krukowski, die 25 Jahre im Klaraheim gearbeitet hatte und Frau Biebl, die acht Jahre die Leitung der Tagespflege \u00fcbernommen hatte. \u201eDas Beisammensein, miteinander plaudern, essen und trinken, war einfach nur sch\u00f6n&#8220;, res\u00fcmiert Sigl-Lehner. \u201eWir hoffen, auf eine baldige Wiederholung.&#8220;<\/p>\n<div id=\"attachment_3878\" style=\"width: 971px\" class=\"wp-caption aligncenter\"><img fetchpriority=\"high\" decoding=\"async\" aria-describedby=\"caption-attachment-3878\" class=\"wp-image-3878\" src=\"https:\/\/jfb-stiftung.de\/st-klara-altoetting\/wp-content\/uploads\/sites\/10\/2022\/09\/Verabschiedung_Krukowski_Biebel-1000x462.jpg\" alt=\"\" width=\"961\" height=\"444\" srcset=\"https:\/\/jfb-stiftung.de\/st-klara-altoetting\/wp-content\/uploads\/sites\/10\/2022\/09\/Verabschiedung_Krukowski_Biebel-1000x462.jpg 1000w, https:\/\/jfb-stiftung.de\/st-klara-altoetting\/wp-content\/uploads\/sites\/10\/2022\/09\/Verabschiedung_Krukowski_Biebel-1500x693.jpg 1500w, https:\/\/jfb-stiftung.de\/st-klara-altoetting\/wp-content\/uploads\/sites\/10\/2022\/09\/Verabschiedung_Krukowski_Biebel-768x355.jpg 768w, https:\/\/jfb-stiftung.de\/st-klara-altoetting\/wp-content\/uploads\/sites\/10\/2022\/09\/Verabschiedung_Krukowski_Biebel-1536x710.jpg 1536w, https:\/\/jfb-stiftung.de\/st-klara-altoetting\/wp-content\/uploads\/sites\/10\/2022\/09\/Verabschiedung_Krukowski_Biebel-2048x946.jpg 2048w\" sizes=\"(max-width: 961px) 100vw, 961px\" \/><p id=\"caption-attachment-3878\" class=\"wp-caption-text\">Verabschiedung von Frau Krukowski (ehem. Pflegedienstleitung) und Frau Biebel (ehemalige Leiterin der Tagespflege). v.l.n.r. Georg Sigl-Lehner (Gesch\u00e4ftsbereichsleiter Alten- und Pflegeheim St. Klara), Frau Krukowski (ehem. Pflegedienstleitung) und Frau Biebel (ehemalige Leiterin der Tagespflege), Christa Lichtenegger (Vorst\u00e4ndin).<\/p><\/div>\n<p><img decoding=\"async\" class=\"alignnone wp-image-3877\" src=\"https:\/\/jfb-stiftung.de\/st-klara-altoetting\/wp-content\/uploads\/sites\/10\/2022\/09\/Krukowski-750x1000.jpg\" alt=\"\" width=\"161\" height=\"215\" srcset=\"https:\/\/jfb-stiftung.de\/st-klara-altoetting\/wp-content\/uploads\/sites\/10\/2022\/09\/Krukowski-750x1000.jpg 750w, https:\/\/jfb-stiftung.de\/st-klara-altoetting\/wp-content\/uploads\/sites\/10\/2022\/09\/Krukowski-900x1200.jpg 900w, https:\/\/jfb-stiftung.de\/st-klara-altoetting\/wp-content\/uploads\/sites\/10\/2022\/09\/Krukowski-768x1024.jpg 768w, https:\/\/jfb-stiftung.de\/st-klara-altoetting\/wp-content\/uploads\/sites\/10\/2022\/09\/Krukowski-1152x1536.jpg 1152w, https:\/\/jfb-stiftung.de\/st-klara-altoetting\/wp-content\/uploads\/sites\/10\/2022\/09\/Krukowski.jpg 1536w\" sizes=\"(max-width: 161px) 100vw, 161px\" \/> <img decoding=\"async\" class=\"wp-image-3876 alignleft\" src=\"https:\/\/jfb-stiftung.de\/st-klara-altoetting\/wp-content\/uploads\/sites\/10\/2022\/09\/Festzelt_Sommerfest_AOe-1000x462.jpg\" alt=\"\" width=\"452\" height=\"209\" srcset=\"https:\/\/jfb-stiftung.de\/st-klara-altoetting\/wp-content\/uploads\/sites\/10\/2022\/09\/Festzelt_Sommerfest_AOe-1000x462.jpg 1000w, https:\/\/jfb-stiftung.de\/st-klara-altoetting\/wp-content\/uploads\/sites\/10\/2022\/09\/Festzelt_Sommerfest_AOe-1500x693.jpg 1500w, https:\/\/jfb-stiftung.de\/st-klara-altoetting\/wp-content\/uploads\/sites\/10\/2022\/09\/Festzelt_Sommerfest_AOe-768x355.jpg 768w, https:\/\/jfb-stiftung.de\/st-klara-altoetting\/wp-content\/uploads\/sites\/10\/2022\/09\/Festzelt_Sommerfest_AOe-1536x710.jpg 1536w, https:\/\/jfb-stiftung.de\/st-klara-altoetting\/wp-content\/uploads\/sites\/10\/2022\/09\/Festzelt_Sommerfest_AOe-2048x946.jpg 2048w\" sizes=\"(max-width: 452px) 100vw, 452px\" \/><\/p>\n","protected":false},"excerpt":{"rendered":"<p>Die Vorfreude war sehr gro\u00df, denn das am Donnerstag, den 15.September stattgefundene Sommerfest, war das erste gr\u00f6\u00dfere Fest seit Ausbruch der Pandemie. Entsprechend gut war die Stimmung im gro\u00dfen Festzelt \u2026<\/p>\n","protected":false},"author":2,"featured_media":3879,"comment_status":"closed","ping_status":"closed","sticky":false,"template":"","format":"standard","meta":{"_acf_changed":false,"footnotes":""},"categories":[32],"tags":[],"class_list":["post-3875","post","type-post","status-publish","format-standard","has-post-thumbnail","hentry","category-st-klara-altoetting-news"],"acf":[],"publishpress_future_action":{"enabled":false,"date":"2026-05-06 08:03:33","action":"change-status","newStatus":"draft","terms":[],"taxonomy":"category","extraData":[]},"publishpress_future_workflow_manual_trigger":{"enabledWorkflows":[]},"_links":{"self":[{"href":"https:\/\/jfb-stiftung.de\/st-klara-altoetting\/wp-json\/wp\/v2\/posts\/3875","targetHints":{"allow":["GET"]}}],"collection":[{"href":"https:\/\/jfb-stiftung.de\/st-klara-altoetting\/wp-json\/wp\/v2\/posts"}],"about":[{"href":"https:\/\/jfb-stiftung.de\/st-klara-altoetting\/wp-json\/wp\/v2\/types\/post"}],"author":[{"embeddable":true,"href":"https:\/\/jfb-stiftung.de\/st-klara-altoetting\/wp-json\/wp\/v2\/users\/2"}],"replies":[{"embeddable":true,"href":"https:\/\/jfb-stiftung.de\/st-klara-altoetting\/wp-json\/wp\/v2\/comments?post=3875"}],"version-history":[{"count":0,"href":"https:\/\/jfb-stiftung.de\/st-klara-altoetting\/wp-json\/wp\/v2\/posts\/3875\/revisions"}],"wp:featuredmedia":[{"embeddable":true,"href":"https:\/\/jfb-stiftung.de\/st-klara-altoetting\/wp-json\/wp\/v2\/media\/3879"}],"wp:attachment":[{"href":"https:\/\/jfb-stiftung.de\/st-klara-altoetting\/wp-json\/wp\/v2\/media?parent=3875"}],"wp:term":[{"taxonomy":"category","embeddable":true,"href":"https:\/\/jfb-stiftung.de\/st-klara-altoetting\/wp-json\/wp\/v2\/categories?post=3875"},{"taxonomy":"post_tag","embeddable":true,"href":"https:\/\/jfb-stiftung.de\/st-klara-altoetting\/wp-json\/wp\/v2\/tags?post=3875"}],"curies":[{"name":"wp","href":"https:\/\/api.w.org\/{rel}","templated":true}]}}