{"id":3746,"date":"2022-03-05T09:38:12","date_gmt":"2022-03-05T07:38:12","guid":{"rendered":"https:\/\/jfb-stiftung.de\/st-klara-altoetting\/5017-2\/"},"modified":"2022-04-05T09:07:58","modified_gmt":"2022-04-05T07:07:58","slug":"5017-2","status":"publish","type":"post","link":"https:\/\/jfb-stiftung.de\/st-klara-altoetting\/5017-2\/","title":{"rendered":"Kleine Faschingsfeier gro\u00dfe Freude"},"content":{"rendered":"<p>In Zeiten von Corona muss man bekanntlich kreativ sein und das Team der Sozialen Betreuung im Klaraheim war genau das! Da aufgrund der Pandemie der gro\u00dfe traditionelle Faschingsball leider zum wiederholten Male ausfallen musste, organisierten die Mitarbeiterinnen Faschingsfeiern in kleinen Gruppen. Unter Einhaltung der geltenden Hygiene- und Schutzma\u00dfnahmen wurden jeweils kleine Gruppen von Bewohner*innen zu bestimmten Zeitfenstern eingeladen im Gruppenraum Fasching zu feiern. Und der kleine Rahmen kam auch richtig gut an: Nach der Devise klein aber fein wurde getanzt, getrunken und gelacht. Die passende Faschingsmusik und kleine Aktionen der Mitarbeiterinnen sorgten f\u00fcr eine ausgelassene Stimmung. Statt des gro\u00dfen Faschingsballs in kleinen Gruppen zu feiern kam sogar richtig gut an bei den Bewohner*innen. \u201eWir dachten uns schlicht, entweder klein oder gar nicht und so entschieden wir uns f\u00fcr die Variante &#8218;klein&#8216;. Die kleinen Feiern hatten ihren ganz eigenen Charme und wurden von allen Seiten gelobt&#8220;, so Gesch\u00e4ftsbereichsleiter des Alten- und Pflegeheims St. Klara Georg Sigl-Lehner. Er sei aber guter Hoffnung, dass der traditionelle Faschingsball im Klaraheim im n\u00e4chsten Jahr wieder stattfinden k\u00f6nne und bis dahin hie\u00dfe es weiter kreativ zu bleiben.<\/p>\n","protected":false},"excerpt":{"rendered":"<p>In Zeiten von Corona muss man bekanntlich kreativ sein und das Team der Sozialen Betreuung im Klaraheim war genau das! Da aufgrund der Pandemie der gro\u00dfe traditionelle Faschingsball leider zum \u2026<\/p>\n","protected":false},"author":2,"featured_media":3747,"comment_status":"closed","ping_status":"closed","sticky":false,"template":"","format":"standard","meta":{"_acf_changed":false,"footnotes":""},"categories":[32],"tags":[],"class_list":["post-3746","post","type-post","status-publish","format-standard","has-post-thumbnail","hentry","category-st-klara-altoetting-news"],"acf":[],"publishpress_future_action":{"enabled":false,"date":"2026-05-06 07:53:31","action":"change-status","newStatus":"draft","terms":[],"taxonomy":"category","extraData":[]},"publishpress_future_workflow_manual_trigger":{"enabledWorkflows":[]},"_links":{"self":[{"href":"https:\/\/jfb-stiftung.de\/st-klara-altoetting\/wp-json\/wp\/v2\/posts\/3746","targetHints":{"allow":["GET"]}}],"collection":[{"href":"https:\/\/jfb-stiftung.de\/st-klara-altoetting\/wp-json\/wp\/v2\/posts"}],"about":[{"href":"https:\/\/jfb-stiftung.de\/st-klara-altoetting\/wp-json\/wp\/v2\/types\/post"}],"author":[{"embeddable":true,"href":"https:\/\/jfb-stiftung.de\/st-klara-altoetting\/wp-json\/wp\/v2\/users\/2"}],"replies":[{"embeddable":true,"href":"https:\/\/jfb-stiftung.de\/st-klara-altoetting\/wp-json\/wp\/v2\/comments?post=3746"}],"version-history":[{"count":0,"href":"https:\/\/jfb-stiftung.de\/st-klara-altoetting\/wp-json\/wp\/v2\/posts\/3746\/revisions"}],"wp:featuredmedia":[{"embeddable":true,"href":"https:\/\/jfb-stiftung.de\/st-klara-altoetting\/wp-json\/wp\/v2\/media\/3747"}],"wp:attachment":[{"href":"https:\/\/jfb-stiftung.de\/st-klara-altoetting\/wp-json\/wp\/v2\/media?parent=3746"}],"wp:term":[{"taxonomy":"category","embeddable":true,"href":"https:\/\/jfb-stiftung.de\/st-klara-altoetting\/wp-json\/wp\/v2\/categories?post=3746"},{"taxonomy":"post_tag","embeddable":true,"href":"https:\/\/jfb-stiftung.de\/st-klara-altoetting\/wp-json\/wp\/v2\/tags?post=3746"}],"curies":[{"name":"wp","href":"https:\/\/api.w.org\/{rel}","templated":true}]}}