{"id":3578,"date":"2021-07-14T09:05:15","date_gmt":"2021-07-14T08:05:15","guid":{"rendered":"https:\/\/jfb-stiftung.de\/st-klara-altoetting\/bundeswehr-unterstuetzt-bei-testungen-im-klaraheim-altoetting-und-im-sankt-paulus-stift-neuoetting\/"},"modified":"2021-11-09T12:13:33","modified_gmt":"2021-11-09T11:13:33","slug":"bundeswehr-unterstuetzt-bei-testungen-im-klaraheim-altoetting-und-im-sankt-paulus-stift-neuoetting","status":"publish","type":"post","link":"https:\/\/jfb-stiftung.de\/st-klara-altoetting\/bundeswehr-unterstuetzt-bei-testungen-im-klaraheim-altoetting-und-im-sankt-paulus-stift-neuoetting\/","title":{"rendered":"Bundeswehr unterst\u00fctzt bei Corona-Testungen im Klaraheim Alt\u00f6tting und im Sankt Paulus Stift Neu\u00f6tting"},"content":{"rendered":"<p><strong>Die Corona-Testteams der beiden zur Jacob Friedrich Bussereau Stiftung geh\u00f6renden Einrichtungen haben bei der Durchf\u00fchrung ihrer Testungen ab dieser Woche Verst\u00e4rkung von f\u00fcnf Soldatinnen und Soldaten der Bundeswehr erhalten.<\/strong><\/p>\n<p>Drei Soldatinnen und Soldaten unterst\u00fctzen ab sofort die Reihentestungen aller Mitarbeiterinnen und Mitarbeiter im St. Paulus Stift in Neu\u00f6tting. Damit k\u00f6nnen die beiden im Haus vorgenommenen Testungen jetzt von Montag bis Freitag angeboten werden, was den organisatorischen Ablauf wesentlich entspannt. Die nach der elften bayrischen Infektionsschutzverordnung erforderliche dritte Testung kann nach wie vor im Corona-Testzentrum oder beim Hausarzt vorgenommen werden. Mitarbeiterinnen und Mitarbeiter m\u00fcssen dreimal getestet werden, Bewohnerinnen und Bewohnern werden in der Regel nur im Verdachtsfall getestet oder bei der R\u00fcckkehr von Besuchen au\u00dferhalb. Besucherinnen und Besucher m\u00fcssen einen negativen Corona-Test vorweisen. Gesch\u00e4ftsbereichsleiterin Manuela Schachtner zieht nach dem Start am Montag bereits jetzt eine sehr positive Bilanz: \u201eDurch die personelle Unterst\u00fctzung der Bundeswehr k\u00f6nnen unsere f\u00fcr die Tests eingewiesenen Pflegefachkr\u00e4fte wieder in den Wohngemeinschaften eingesetzt werden, was f\u00fcr eine gro\u00dfe Entlastung im Bereich der Personalplanung sorgt. Hinzuf\u00fcgen m\u00f6chte ich in diesem Zusammenhang auch die erfreuliche Mitteilung, dass die am Sonntag vorgenommene zweite Impfung erfolgreich vorgenommen wurde. Bis auf kleinere Nebenwirkungen bei einigen Wenigen sind alle 260 Geimpften wohlauf\u201c, freut sich Schachtner.<\/p>\n<p>Grund zur Freude gibt es auch bei Georg Sigl-Lehner, Gesch\u00e4ftsbereichsleiter des Alten- u. Pflegeheims St. Klara dessen Test-Team nun von zwei Soldaten bei der Testungen der Mitarbeiterinnen und Mitarbeiter unterst\u00fctzt wird. In beiden Einrichtungen k\u00f6nnen aufgrund dessen bis zum 19.2.2021 unter der Woche POC-Schnelltests auch f\u00fcr Besucherinnen und Besucher angeboten werden, denen es vorab nicht m\u00f6glich war einen Test zu machen. Mit dieser M\u00f6glichkeit kann der Leitsatz des Klaraheims \u201eMaximaler Schutz der Bewohnerinnen und Bewohner bei gr\u00f6\u00dftm\u00f6glicher \u00d6ffnung f\u00fcr Angeh\u00f6rige\u201c nun noch besser umgesetzt werden.<\/p>\n<p>Beide Gesch\u00e4ftsbereichsleiter betonen, dass es diese M\u00f6glichkeit, einen Test innerhalb der Einrichtung zu machen in Ausnahmen, zum Beispiel w\u00e4hrend der Sterbephase eines Bewohners f\u00fcr Angeh\u00f6rige vorab schon gab. Mit dieser Unterst\u00fctzung ist es nun aber m\u00f6glich, f\u00fcr diesen Zeitraum recht unkompliziert Angeh\u00f6rigen einen Besuch zu erm\u00f6glichen, indem sie den erforderlichen negativen Corona-Test gleich vor Ort machen k\u00f6nnen. Im Klaraheim ist dies jeden Werktag von 13:30 bis 15:00 Uhr m\u00f6glich, im Sankt Paulusstift, ebenfalls unter der Woche, nach vorheriger telefonischer Vereinbarung. Nach Vorgaben des weitereichenden Hygiene- und Schutzkonzeptes der Jacob Friedrich Bussereau Stiftung und im Einklang mit den Vorgaben der bayrischen Staatsregierung muss jeder Besucher einen nicht \u00e4lter als 48 Stunden vorliegenden negativen Test (im Falle eines POC Antigen-Schnelltests) vorweisen, eine Unbedenklichkeitserkl\u00e4rung unterschreiben, eine FFP2-Maske tragen und sich in den daf\u00fcr vorgesehenen Besucherr\u00e4umen aufhalten. Da die H\u00fcrden eines Besuchs ohnehin f\u00fcr manche sehr hoch sind, freut sich Vorst\u00e4ndin Bettina Rieger nun sehr dar\u00fcber, den Besucherinnen und Besuchern die H\u00fcrde des negativen Tests nun zumindest f\u00fcr einen gewissen Zeitraum abnehmen zu k\u00f6nnen. \u201eDie Situation in dieser Pandemie ist f\u00fcr unsere Bewohnerinnen und Bewohner ohnehin nicht einfach, umso sch\u00f6ner ist es, dass wir nun den Besuch mithilfe der Bundeswehr etwas einfacher gestalten k\u00f6nnen\u201c, erkl\u00e4rt Rieger abschlie\u00dfend.<\/p>\n","protected":false},"excerpt":{"rendered":"<p>Die Corona-Testteams der beiden zur Jacob Friedrich Bussereau Stiftung geh\u00f6renden Einrichtungen haben bei der Durchf\u00fchrung ihrer Testungen ab dieser Woche Verst\u00e4rkung von f\u00fcnf Soldatinnen und Soldaten der Bundeswehr erhalten. Drei \u2026<\/p>\n","protected":false},"author":2,"featured_media":2701,"comment_status":"closed","ping_status":"closed","sticky":false,"template":"","format":"standard","meta":{"_acf_changed":false,"footnotes":""},"categories":[32],"tags":[],"class_list":["post-3578","post","type-post","status-publish","format-standard","has-post-thumbnail","hentry","category-st-klara-altoetting-news"],"acf":[],"publishpress_future_action":{"enabled":false,"date":"2026-05-06 08:03:38","action":"change-status","newStatus":"draft","terms":[],"taxonomy":"category","extraData":[]},"publishpress_future_workflow_manual_trigger":{"enabledWorkflows":[]},"_links":{"self":[{"href":"https:\/\/jfb-stiftung.de\/st-klara-altoetting\/wp-json\/wp\/v2\/posts\/3578","targetHints":{"allow":["GET"]}}],"collection":[{"href":"https:\/\/jfb-stiftung.de\/st-klara-altoetting\/wp-json\/wp\/v2\/posts"}],"about":[{"href":"https:\/\/jfb-stiftung.de\/st-klara-altoetting\/wp-json\/wp\/v2\/types\/post"}],"author":[{"embeddable":true,"href":"https:\/\/jfb-stiftung.de\/st-klara-altoetting\/wp-json\/wp\/v2\/users\/2"}],"replies":[{"embeddable":true,"href":"https:\/\/jfb-stiftung.de\/st-klara-altoetting\/wp-json\/wp\/v2\/comments?post=3578"}],"version-history":[{"count":0,"href":"https:\/\/jfb-stiftung.de\/st-klara-altoetting\/wp-json\/wp\/v2\/posts\/3578\/revisions"}],"wp:featuredmedia":[{"embeddable":true,"href":"https:\/\/jfb-stiftung.de\/st-klara-altoetting\/wp-json\/wp\/v2\/media\/2701"}],"wp:attachment":[{"href":"https:\/\/jfb-stiftung.de\/st-klara-altoetting\/wp-json\/wp\/v2\/media?parent=3578"}],"wp:term":[{"taxonomy":"category","embeddable":true,"href":"https:\/\/jfb-stiftung.de\/st-klara-altoetting\/wp-json\/wp\/v2\/categories?post=3578"},{"taxonomy":"post_tag","embeddable":true,"href":"https:\/\/jfb-stiftung.de\/st-klara-altoetting\/wp-json\/wp\/v2\/tags?post=3578"}],"curies":[{"name":"wp","href":"https:\/\/api.w.org\/{rel}","templated":true}]}}