{"id":3246,"date":"2021-09-21T11:28:43","date_gmt":"2021-09-21T09:28:43","guid":{"rendered":"https:\/\/jfb-stiftung.de\/st-klara-altoetting\/hoher-besuch-im-klaraheim-der-bayrische-gesundheitsminister-klaus-holetschek-csu-zu-gast\/"},"modified":"2021-09-21T11:28:43","modified_gmt":"2021-09-21T09:28:43","slug":"hoher-besuch-im-klaraheim-der-bayrische-gesundheitsminister-klaus-holetschek-csu-zu-gast","status":"publish","type":"post","link":"https:\/\/jfb-stiftung.de\/st-klara-altoetting\/hoher-besuch-im-klaraheim-der-bayrische-gesundheitsminister-klaus-holetschek-csu-zu-gast\/","title":{"rendered":"Hoher Besuch im Klaraheim: Der bayrische Gesundheitsminister Klaus Holetschek (CSU) zu Gast"},"content":{"rendered":"<p>Gerne nahm der Minister die Einladung des Gesch\u00e4ftsbereichsleiters des Klaraheims, Herr Georg Sigl-Lehner an, um sich vor Ort einen Eindruck der anstehenden dritten Auffrischungsimpfungen zu machen. Unterst\u00fctzt von einem mobilen Impfteam erhielten 60 Bewohnerinnen und Bewohner an diesem Tag ihren dritten Piks. Im Rahmen eines kleinen Empfangs am Mittwoch, den 15.09.2021, nahm sich Klaus Holetschek auch Zeit f\u00fcr ein Gespr\u00e4ch. Er interessierte sich vor allem f\u00fcr das \u201eGeheimnis des Klaraheims\u201c, denn dort liegt die Impfquote weit \u00fcber dem Durchschnitt. Bis auf zwei, drei Einzelf\u00e4lle sind alle Klientinnen und Klienten geimpft und auch die Quote der Mitarbeitenden ist mit 90 % sehr hoch. \u201eIch bin mit gutem Beispiel vorangegangen und habe mich bereits im Januar impfen lassen. Nach den guten Erfahrungen anderer Mitarbeiter*innen aus der ersten Impfung ist die Bereitschaft stetig gestiegen\u201c, erkl\u00e4rt Sigl-Lehner. Gesetzt habe man auch auf kontinuierliche Information und Kommunikation und zwar ohne Druck. Oft war ein pers\u00f6nliches Gespr\u00e4ch der Schl\u00fcssel zur Impfbereitschaft gewesen. Geimpfte k\u00f6nnen sich im Klaraheim einmal die Woche freiwillig und kostenlos testen lassen. Auch nach Auslaufen des bundesweiten kostenlosen Testangebots f\u00fcr ungeimpfte Mitarbeitende bleibt das kostenlose Testangebot im Klaraheim weiter bestehen. Seit Beginn der Pandemie gab es durch weitreichende und umfassende Hygienekonzepte keinen einzigen Coronafall im St. Klara. Lob gab es aber auch f\u00fcr den bayrischen Gesundheitsminister, dem nicht nur durch seinen Besuch vor Ort, sondern auch generell ein glaubhaftes Interesse am Thema Pflege von Seiten des Gesch\u00e4ftsbereichsleiters attestiert wurde.<\/p>\n","protected":false},"excerpt":{"rendered":"<p>Gerne nahm der Minister die Einladung des Gesch\u00e4ftsbereichsleiters des Klaraheims, Herr Georg Sigl-Lehner an, um sich vor Ort einen Eindruck der anstehenden dritten Auffrischungsimpfungen zu machen. Unterst\u00fctzt von einem mobilen \u2026<\/p>\n","protected":false},"author":2,"featured_media":3247,"comment_status":"closed","ping_status":"closed","sticky":false,"template":"","format":"standard","meta":{"_acf_changed":false,"footnotes":""},"categories":[32],"tags":[],"class_list":["post-3246","post","type-post","status-publish","format-standard","has-post-thumbnail","hentry","category-st-klara-altoetting-news"],"acf":[],"publishpress_future_action":{"enabled":false,"date":"2026-05-06 08:09:32","action":"change-status","newStatus":"draft","terms":[],"taxonomy":"category","extraData":[]},"publishpress_future_workflow_manual_trigger":{"enabledWorkflows":[]},"_links":{"self":[{"href":"https:\/\/jfb-stiftung.de\/st-klara-altoetting\/wp-json\/wp\/v2\/posts\/3246","targetHints":{"allow":["GET"]}}],"collection":[{"href":"https:\/\/jfb-stiftung.de\/st-klara-altoetting\/wp-json\/wp\/v2\/posts"}],"about":[{"href":"https:\/\/jfb-stiftung.de\/st-klara-altoetting\/wp-json\/wp\/v2\/types\/post"}],"author":[{"embeddable":true,"href":"https:\/\/jfb-stiftung.de\/st-klara-altoetting\/wp-json\/wp\/v2\/users\/2"}],"replies":[{"embeddable":true,"href":"https:\/\/jfb-stiftung.de\/st-klara-altoetting\/wp-json\/wp\/v2\/comments?post=3246"}],"version-history":[{"count":0,"href":"https:\/\/jfb-stiftung.de\/st-klara-altoetting\/wp-json\/wp\/v2\/posts\/3246\/revisions"}],"wp:featuredmedia":[{"embeddable":true,"href":"https:\/\/jfb-stiftung.de\/st-klara-altoetting\/wp-json\/wp\/v2\/media\/3247"}],"wp:attachment":[{"href":"https:\/\/jfb-stiftung.de\/st-klara-altoetting\/wp-json\/wp\/v2\/media?parent=3246"}],"wp:term":[{"taxonomy":"category","embeddable":true,"href":"https:\/\/jfb-stiftung.de\/st-klara-altoetting\/wp-json\/wp\/v2\/categories?post=3246"},{"taxonomy":"post_tag","embeddable":true,"href":"https:\/\/jfb-stiftung.de\/st-klara-altoetting\/wp-json\/wp\/v2\/tags?post=3246"}],"curies":[{"name":"wp","href":"https:\/\/api.w.org\/{rel}","templated":true}]}}